{"id":12994,"date":"2022-10-05T09:38:55","date_gmt":"2022-10-05T07:38:55","guid":{"rendered":"https:\/\/www.schaeflein.de\/?p=12994"},"modified":"2025-02-06T09:48:53","modified_gmt":"2025-02-06T08:48:53","slug":"schaeflein-expands-management-team-dual-leadership-at-schaeflein-logistics-gmbh-and-locit-gmbh","status":"publish","type":"post","link":"https:\/\/www.schaeflein.de\/en\/schaeflein-expands-management-team-dual-leadership-at-schaeflein-logistics-gmbh-and-locit-gmbh.html","title":{"rendered":"Sch\u00e4flein expands management team Dual leadership at Sch\u00e4flein Logistics GmbH and LOCIT GmbH"},"content":{"rendered":"<p>R\u00f6thlein. Since 1 September 2022, Heiko Amtmann and Carsten Heider have been Co-Managing Directors of Sch\u00e4flein Logistics GmbH, which is part of the Sch\u00e4flein Group, and LOCIT GmbH. With their many years of experience, the two highly competent logistics professionals will strengthen the company organisation and make an important contribution to the further development of the company.<\/p>\n<p><strong>Sch\u00e4flein Logistics GmbH: Heiko Amtmann as Managing Director alongside Sebastian Paliege<\/strong><\/p>\n<p>Heiko Amtmann joined the management team at Sch\u00e4flein subsidiary Sch\u00e4flein Logistics GmbH on 1 September 2022. Together with Sebastian Paliege, he is now responsible for the Contract Logistics division, all logistics locations and all logistics projects. Amtmann, who has been with the Sch\u00e4flein Group since 2003, has already held various positions: The industrial engineering graduate started out as a project manager in logistics before taking over the management of the container management product area and later also the management of sprintBOX GmbH. During his time as an authorised signatory at Sch\u00e4flein AG, he also built up project management and played a key role in the spin-off of the Sch\u00e4flein subsidiary LOCIT GmbH, which he has headed up as Managing Director together with Thomas Eberle since 2019. This broad, cross-divisional wealth of experience makes Heiko Amtmann &#8211; a true &#8220;Sch\u00e4flein veteran&#8221; &#8211; a proven logistics expert who is also highly recognised as a leader within the entire Sch\u00e4flein Group.<\/p>\n<p><strong>LOCIT GmbH: New Managing Director Carsten Heider forms dual leadership with Thomas Eberle<\/strong><\/p>\n<p>Carsten Heider has also been appointed Managing Director of LOCIT GmbH as of 1 September 2022; together with Thomas Eberle, he will be responsible for central project management &#8211; and therefore all logistics projects &#8211; for the Sch\u00e4flein Group. Carsten Heider is an expert for this position who knows the logistics world from the perspective of industry, retail and logistics service providers. In addition to management experience, Carsten Heider also has in-depth expertise in project business, logistics optimisation and the implementation of automation and digitalisation solutions.<\/p>\n<p>This broad range of expertise makes Carsten Heider ideal for the tasks that he will master in the future in dual leadership with Thomas Eberle: from the planning and implementation of new business to the optimisation and reorganisation of existing projects and the implementation of automation projects including change management.<\/p>\n<p>&#8220;We are delighted that Heiko Amtmann and Carsten Heider are taking on these new responsibilities and will continue to shape and expand the strategic role of the divisions together with their management colleagues and the Executive Board,&#8221; emphasises Achim Sch\u00e4flein, CEO of Sch\u00e4flein AG.<\/p>\n<p>&nbsp;<\/p>\n<p><img loading=\"lazy\" decoding=\"async\" class=\"alignnone size-full wp-image-9023\" src=\"https:\/\/www.schaeflein.de\/wp-content\/uploads\/01_Vorstaende-und-neue-Geschaeftsfuehrer.jpg\" alt=\"\" width=\"971\" height=\"568\" srcset=\"https:\/\/www.schaeflein.de\/wp-content\/uploads\/01_Vorstaende-und-neue-Geschaeftsfuehrer.jpg 971w, https:\/\/www.schaeflein.de\/wp-content\/uploads\/01_Vorstaende-und-neue-Geschaeftsfuehrer-300x175.jpg 300w, https:\/\/www.schaeflein.de\/wp-content\/uploads\/01_Vorstaende-und-neue-Geschaeftsfuehrer-768x449.jpg 768w, https:\/\/www.schaeflein.de\/wp-content\/uploads\/01_Vorstaende-und-neue-Geschaeftsfuehrer-280x164.jpg 280w\" sizes=\"auto, (max-width: 971px) 100vw, 971px\" \/><\/p>\n<p>From left: the new Managing Director Carsten Heider, CFO Christoph Heller, CEO Bernd Sch\u00e4flein, the new Managing Director Heiko Amtmann, CEO Achim Sch\u00e4flein<\/p>\n","protected":false},"excerpt":{"rendered":"<p>R\u00f6thlein. Since 1 September 2022, Heiko Amtmann and Carsten Heider have been Co-Managing Directors of Sch\u00e4flein Logistics GmbH, which is part of the Sch\u00e4flein Group, and LOCIT GmbH. With their many years of experience, the two highly competent logistics professionals will strengthen the company organisation and make an important contribution to the further development of [&hellip;]<\/p>\n","protected":false},"author":16,"featured_media":9024,"comment_status":"closed","ping_status":"closed","sticky":false,"template":"","format":"standard","meta":{"_acf_changed":false,"footnotes":""},"categories":[],"tags":[],"class_list":["post-12994","post","type-post","status-publish","format-standard","has-post-thumbnail","hentry"],"acf":[],"yoast_head":"<!-- This site is optimized with the Yoast SEO plugin v26.6 - https:\/\/yoast.com\/wordpress\/plugins\/seo\/ -->\n<title>Dual leadership at Sch\u00e4flein Logistics GmbH and LOCIT GmbH | Sch\u00e4flein<\/title>\n<meta name=\"description\" content=\"Since September 2022, Heiko Amtmann and Carsten Heider have led Sch\u00e4flein Logistics and LOCIT, driving growth with their expertise.\" \/>\n<meta name=\"robots\" content=\"index, follow, max-snippet:-1, max-image-preview:large, max-video-preview:-1\" \/>\n<link rel=\"canonical\" href=\"https:\/\/www.schaeflein.de\/en\/schaeflein-expands-management-team-dual-leadership-at-schaeflein-logistics-gmbh-and-locit-gmbh.html\" \/>\n<meta name=\"twitter:label1\" content=\"Written by\" \/>\n\t<meta name=\"twitter:data1\" content=\"schaeflein\" \/>\n\t<meta name=\"twitter:label2\" content=\"Est. reading time\" \/>\n\t<meta name=\"twitter:data2\" content=\"3 minutes\" \/>\n<script type=\"application\/ld+json\" class=\"yoast-schema-graph\">{\"@context\":\"https:\/\/schema.org\",\"@graph\":[{\"@type\":\"WebPage\",\"@id\":\"https:\/\/www.schaeflein.de\/en\/schaeflein-expands-management-team-dual-leadership-at-schaeflein-logistics-gmbh-and-locit-gmbh.html\",\"url\":\"https:\/\/www.schaeflein.de\/en\/schaeflein-expands-management-team-dual-leadership-at-schaeflein-logistics-gmbh-and-locit-gmbh.html\",\"name\":\"Dual leadership at Sch\u00e4flein Logistics GmbH and LOCIT GmbH | Sch\u00e4flein\",\"isPartOf\":{\"@id\":\"https:\/\/www.schaeflein.de\/#website\"},\"primaryImageOfPage\":{\"@id\":\"https:\/\/www.schaeflein.de\/en\/schaeflein-expands-management-team-dual-leadership-at-schaeflein-logistics-gmbh-and-locit-gmbh.html#primaryimage\"},\"image\":{\"@id\":\"https:\/\/www.schaeflein.de\/en\/schaeflein-expands-management-team-dual-leadership-at-schaeflein-logistics-gmbh-and-locit-gmbh.html#primaryimage\"},\"thumbnailUrl\":\"https:\/\/www.schaeflein.de\/wp-content\/uploads\/01_Vorstaende-und-neue-Geschaeftsfuehrer.jpg\",\"datePublished\":\"2022-10-05T07:38:55+00:00\",\"dateModified\":\"2025-02-06T08:48:53+00:00\",\"author\":{\"@id\":\"https:\/\/www.schaeflein.de\/#\/schema\/person\/1f37b1e80ad86a3fcfd2b12d76be27f7\"},\"description\":\"Since September 2022, Heiko Amtmann and Carsten Heider have led Sch\u00e4flein Logistics and LOCIT, driving growth with their expertise.\",\"breadcrumb\":{\"@id\":\"https:\/\/www.schaeflein.de\/en\/schaeflein-expands-management-team-dual-leadership-at-schaeflein-logistics-gmbh-and-locit-gmbh.html#breadcrumb\"},\"inLanguage\":\"en-US\",\"potentialAction\":[{\"@type\":\"ReadAction\",\"target\":[\"https:\/\/www.schaeflein.de\/en\/schaeflein-expands-management-team-dual-leadership-at-schaeflein-logistics-gmbh-and-locit-gmbh.html\"]}]},{\"@type\":\"ImageObject\",\"inLanguage\":\"en-US\",\"@id\":\"https:\/\/www.schaeflein.de\/en\/schaeflein-expands-management-team-dual-leadership-at-schaeflein-logistics-gmbh-and-locit-gmbh.html#primaryimage\",\"url\":\"https:\/\/www.schaeflein.de\/wp-content\/uploads\/01_Vorstaende-und-neue-Geschaeftsfuehrer.jpg\",\"contentUrl\":\"https:\/\/www.schaeflein.de\/wp-content\/uploads\/01_Vorstaende-und-neue-Geschaeftsfuehrer.jpg\",\"width\":971,\"height\":568},{\"@type\":\"BreadcrumbList\",\"@id\":\"https:\/\/www.schaeflein.de\/en\/schaeflein-expands-management-team-dual-leadership-at-schaeflein-logistics-gmbh-and-locit-gmbh.html#breadcrumb\",\"itemListElement\":[{\"@type\":\"ListItem\",\"position\":1,\"name\":\"Home\",\"item\":\"https:\/\/www.schaeflein.de\/en\"},{\"@type\":\"ListItem\",\"position\":2,\"name\":\"Sch\u00e4flein expands management team Dual leadership at Sch\u00e4flein Logistics GmbH and LOCIT GmbH\"}]},{\"@type\":\"WebSite\",\"@id\":\"https:\/\/www.schaeflein.de\/#website\",\"url\":\"https:\/\/www.schaeflein.de\/\",\"name\":\"Sch\u00e4flein\",\"description\":\"\",\"potentialAction\":[{\"@type\":\"SearchAction\",\"target\":{\"@type\":\"EntryPoint\",\"urlTemplate\":\"https:\/\/www.schaeflein.de\/?s={search_term_string}\"},\"query-input\":{\"@type\":\"PropertyValueSpecification\",\"valueRequired\":true,\"valueName\":\"search_term_string\"}}],\"inLanguage\":\"en-US\"},{\"@type\":\"Person\",\"@id\":\"https:\/\/www.schaeflein.de\/#\/schema\/person\/1f37b1e80ad86a3fcfd2b12d76be27f7\",\"name\":\"schaeflein\",\"image\":{\"@type\":\"ImageObject\",\"inLanguage\":\"en-US\",\"@id\":\"https:\/\/www.schaeflein.de\/#\/schema\/person\/image\/\",\"url\":\"https:\/\/secure.gravatar.com\/avatar\/133b720f63126f53b3ed249e43296244e1bef9afbe6626912327386582051796?s=96&d=mm&r=g\",\"contentUrl\":\"https:\/\/secure.gravatar.com\/avatar\/133b720f63126f53b3ed249e43296244e1bef9afbe6626912327386582051796?s=96&d=mm&r=g\",\"caption\":\"schaeflein\"}}]}<\/script>\n<!-- \/ Yoast SEO plugin. -->","yoast_head_json":{"title":"Dual leadership at Sch\u00e4flein Logistics GmbH and LOCIT GmbH | Sch\u00e4flein","description":"Since September 2022, Heiko Amtmann and Carsten Heider have led Sch\u00e4flein Logistics and LOCIT, driving growth with their expertise.","robots":{"index":"index","follow":"follow","max-snippet":"max-snippet:-1","max-image-preview":"max-image-preview:large","max-video-preview":"max-video-preview:-1"},"canonical":"https:\/\/www.schaeflein.de\/en\/schaeflein-expands-management-team-dual-leadership-at-schaeflein-logistics-gmbh-and-locit-gmbh.html","twitter_misc":{"Written by":"schaeflein","Est. reading time":"3 minutes"},"schema":{"@context":"https:\/\/schema.org","@graph":[{"@type":"WebPage","@id":"https:\/\/www.schaeflein.de\/en\/schaeflein-expands-management-team-dual-leadership-at-schaeflein-logistics-gmbh-and-locit-gmbh.html","url":"https:\/\/www.schaeflein.de\/en\/schaeflein-expands-management-team-dual-leadership-at-schaeflein-logistics-gmbh-and-locit-gmbh.html","name":"Dual leadership at Sch\u00e4flein Logistics GmbH and LOCIT GmbH | Sch\u00e4flein","isPartOf":{"@id":"https:\/\/www.schaeflein.de\/#website"},"primaryImageOfPage":{"@id":"https:\/\/www.schaeflein.de\/en\/schaeflein-expands-management-team-dual-leadership-at-schaeflein-logistics-gmbh-and-locit-gmbh.html#primaryimage"},"image":{"@id":"https:\/\/www.schaeflein.de\/en\/schaeflein-expands-management-team-dual-leadership-at-schaeflein-logistics-gmbh-and-locit-gmbh.html#primaryimage"},"thumbnailUrl":"https:\/\/www.schaeflein.de\/wp-content\/uploads\/01_Vorstaende-und-neue-Geschaeftsfuehrer.jpg","datePublished":"2022-10-05T07:38:55+00:00","dateModified":"2025-02-06T08:48:53+00:00","author":{"@id":"https:\/\/www.schaeflein.de\/#\/schema\/person\/1f37b1e80ad86a3fcfd2b12d76be27f7"},"description":"Since September 2022, Heiko Amtmann and Carsten Heider have led Sch\u00e4flein Logistics and LOCIT, driving growth with their expertise.","breadcrumb":{"@id":"https:\/\/www.schaeflein.de\/en\/schaeflein-expands-management-team-dual-leadership-at-schaeflein-logistics-gmbh-and-locit-gmbh.html#breadcrumb"},"inLanguage":"en-US","potentialAction":[{"@type":"ReadAction","target":["https:\/\/www.schaeflein.de\/en\/schaeflein-expands-management-team-dual-leadership-at-schaeflein-logistics-gmbh-and-locit-gmbh.html"]}]},{"@type":"ImageObject","inLanguage":"en-US","@id":"https:\/\/www.schaeflein.de\/en\/schaeflein-expands-management-team-dual-leadership-at-schaeflein-logistics-gmbh-and-locit-gmbh.html#primaryimage","url":"https:\/\/www.schaeflein.de\/wp-content\/uploads\/01_Vorstaende-und-neue-Geschaeftsfuehrer.jpg","contentUrl":"https:\/\/www.schaeflein.de\/wp-content\/uploads\/01_Vorstaende-und-neue-Geschaeftsfuehrer.jpg","width":971,"height":568},{"@type":"BreadcrumbList","@id":"https:\/\/www.schaeflein.de\/en\/schaeflein-expands-management-team-dual-leadership-at-schaeflein-logistics-gmbh-and-locit-gmbh.html#breadcrumb","itemListElement":[{"@type":"ListItem","position":1,"name":"Home","item":"https:\/\/www.schaeflein.de\/en"},{"@type":"ListItem","position":2,"name":"Sch\u00e4flein expands management team Dual leadership at Sch\u00e4flein Logistics GmbH and LOCIT GmbH"}]},{"@type":"WebSite","@id":"https:\/\/www.schaeflein.de\/#website","url":"https:\/\/www.schaeflein.de\/","name":"Sch\u00e4flein","description":"","potentialAction":[{"@type":"SearchAction","target":{"@type":"EntryPoint","urlTemplate":"https:\/\/www.schaeflein.de\/?s={search_term_string}"},"query-input":{"@type":"PropertyValueSpecification","valueRequired":true,"valueName":"search_term_string"}}],"inLanguage":"en-US"},{"@type":"Person","@id":"https:\/\/www.schaeflein.de\/#\/schema\/person\/1f37b1e80ad86a3fcfd2b12d76be27f7","name":"schaeflein","image":{"@type":"ImageObject","inLanguage":"en-US","@id":"https:\/\/www.schaeflein.de\/#\/schema\/person\/image\/","url":"https:\/\/secure.gravatar.com\/avatar\/133b720f63126f53b3ed249e43296244e1bef9afbe6626912327386582051796?s=96&d=mm&r=g","contentUrl":"https:\/\/secure.gravatar.com\/avatar\/133b720f63126f53b3ed249e43296244e1bef9afbe6626912327386582051796?s=96&d=mm&r=g","caption":"schaeflein"}}]}},"_links":{"self":[{"href":"https:\/\/www.schaeflein.de\/en\/wp-json\/wp\/v2\/posts\/12994","targetHints":{"allow":["GET"]}}],"collection":[{"href":"https:\/\/www.schaeflein.de\/en\/wp-json\/wp\/v2\/posts"}],"about":[{"href":"https:\/\/www.schaeflein.de\/en\/wp-json\/wp\/v2\/types\/post"}],"author":[{"embeddable":true,"href":"https:\/\/www.schaeflein.de\/en\/wp-json\/wp\/v2\/users\/16"}],"replies":[{"embeddable":true,"href":"https:\/\/www.schaeflein.de\/en\/wp-json\/wp\/v2\/comments?post=12994"}],"version-history":[{"count":1,"href":"https:\/\/www.schaeflein.de\/en\/wp-json\/wp\/v2\/posts\/12994\/revisions"}],"predecessor-version":[{"id":12995,"href":"https:\/\/www.schaeflein.de\/en\/wp-json\/wp\/v2\/posts\/12994\/revisions\/12995"}],"wp:featuredmedia":[{"embeddable":true,"href":"https:\/\/www.schaeflein.de\/en\/wp-json\/wp\/v2\/media\/9024"}],"wp:attachment":[{"href":"https:\/\/www.schaeflein.de\/en\/wp-json\/wp\/v2\/media?parent=12994"}],"wp:term":[{"taxonomy":"category","embeddable":true,"href":"https:\/\/www.schaeflein.de\/en\/wp-json\/wp\/v2\/categories?post=12994"},{"taxonomy":"post_tag","embeddable":true,"href":"https:\/\/www.schaeflein.de\/en\/wp-json\/wp\/v2\/tags?post=12994"}],"curies":[{"name":"wp","href":"https:\/\/api.w.org\/{rel}","templated":true}]}}