{"id":12996,"date":"2022-09-05T10:09:08","date_gmt":"2022-09-05T08:09:08","guid":{"rendered":"https:\/\/www.schaeflein.de\/?p=12996"},"modified":"2025-02-06T10:25:24","modified_gmt":"2025-02-06T09:25:24","slug":"skilled-workers-of-tomorrow-get-off-to-a-flying-start-at-schaeflein","status":"publish","type":"post","link":"https:\/\/www.schaeflein.de\/en\/skilled-workers-of-tomorrow-get-off-to-a-flying-start-at-schaeflein.html","title":{"rendered":"Skilled workers of tomorrow get off to a flying start at Sch\u00e4flein"},"content":{"rendered":"<p><strong>In R\u00f6thlein and the surrounding area alone, the Sch\u00e4flein Group recently welcomed 32 trainees at the start of the new training year. The logistics professionals are thus also sending a strong signal for sustainable growth in terms of personnel planning.<\/strong><\/p>\n<p>&#8220;Welcome to the family&#8221; was the motto for the new team members at FlyingHirsch Obertheres from 1 to 2 September 2022. Not only did the new trainees get to know each other in a relaxed atmosphere, they also grew closer together as they tackled small challenges together. The thematic focus of this year&#8217;s Trainee Welcome Days was a perfect match: language and communication. Sch\u00e4flein had invited a real professional for this, poetry slammer Benjamin Warmuth. The workshop organised by him and his team went down extremely well with the young specialists, who presented themselves to their future team colleagues at the end &#8211; in a relaxed manner and without any competitive spirit &#8211; with texts they had written themselves.<\/p>\n<p><strong>All positions filled<\/strong><\/p>\n<p>&#8220;I am particularly pleased that we were able to recruit so many young people this year and fill all vacancies,&#8221; said an enthusiastic Achim Sch\u00e4flein, CEO of the Group. &#8220;For us, training is the first step in attracting future managers &#8211; and therefore a key building block for sustainable growth. Particularly in this year, which continues to be characterised by considerable economic uncertainty, we are sending out a clear signal with our wide range of training opportunities: Logistics is and remains an industry with a future.&#8221;<\/p>\n<p>Across all locations, a total of 41 trainees began their professional careers at Sch\u00e4flein Group companies on 1 September: Future warehouse specialists and warehouse logistics specialists, forwarding and logistics services clerks, digitalisation management clerks, professional drivers, office management clerks, commercial vehicle mechatronics technicians and dual students were warmly welcomed.<\/p>\n<p>&nbsp;<\/p>\n<div id=\"attachment_8995\" style=\"width: 310px\" class=\"wp-caption alignleft\"><img loading=\"lazy\" decoding=\"async\" aria-describedby=\"caption-attachment-8995\" class=\"wp-image-8995 size-medium\" src=\"https:\/\/www.schaeflein.de\/wp-content\/uploads\/02_Poetry-Slam-workshop_LOW-300x200.jpg\" alt=\"\" width=\"300\" height=\"200\" srcset=\"https:\/\/www.schaeflein.de\/wp-content\/uploads\/02_Poetry-Slam-workshop_LOW-300x200.jpg 300w, https:\/\/www.schaeflein.de\/wp-content\/uploads\/02_Poetry-Slam-workshop_LOW-1024x682.jpg 1024w, https:\/\/www.schaeflein.de\/wp-content\/uploads\/02_Poetry-Slam-workshop_LOW-768x512.jpg 768w, https:\/\/www.schaeflein.de\/wp-content\/uploads\/02_Poetry-Slam-workshop_LOW-280x187.jpg 280w, https:\/\/www.schaeflein.de\/wp-content\/uploads\/02_Poetry-Slam-workshop_LOW.jpg 1280w\" sizes=\"auto, (max-width: 300px) 100vw, 300px\" \/><p id=\"caption-attachment-8995\" class=\"wp-caption-text\">Poetry slammer Tabea-Alina Schleier supports the development of the slams.<\/p><\/div>\n","protected":false},"excerpt":{"rendered":"<p>In R\u00f6thlein and the surrounding area alone, the Sch\u00e4flein Group recently welcomed 32 trainees at the start of the new training year. The logistics professionals are thus also sending a strong signal for sustainable growth in terms of personnel planning. &#8220;Welcome to the family&#8221; was the motto for the new team members at FlyingHirsch Obertheres [&hellip;]<\/p>\n","protected":false},"author":16,"featured_media":8992,"comment_status":"closed","ping_status":"closed","sticky":false,"template":"","format":"standard","meta":{"_acf_changed":false,"footnotes":""},"categories":[],"tags":[],"class_list":["post-12996","post","type-post","status-publish","format-standard","has-post-thumbnail","hentry"],"acf":[],"yoast_head":"<!-- This site is optimized with the Yoast SEO plugin v26.6 - https:\/\/yoast.com\/wordpress\/plugins\/seo\/ -->\n<title>Skilled workers of tomorrow get off to a flying start at Sch\u00e4flein | Sch\u00e4flein<\/title>\n<meta name=\"description\" content=\"In R\u00f6thlein and the surrounding area alone, the Sch\u00e4flein Group recently welcomed 32 trainees at the start of the new training year.\" \/>\n<meta name=\"robots\" content=\"index, follow, max-snippet:-1, max-image-preview:large, max-video-preview:-1\" \/>\n<link rel=\"canonical\" href=\"https:\/\/www.schaeflein.de\/en\/skilled-workers-of-tomorrow-get-off-to-a-flying-start-at-schaeflein.html\" \/>\n<meta name=\"twitter:label1\" content=\"Written by\" \/>\n\t<meta name=\"twitter:data1\" content=\"schaeflein\" \/>\n\t<meta name=\"twitter:label2\" content=\"Est. reading time\" \/>\n\t<meta name=\"twitter:data2\" content=\"3 minutes\" \/>\n<script type=\"application\/ld+json\" class=\"yoast-schema-graph\">{\"@context\":\"https:\/\/schema.org\",\"@graph\":[{\"@type\":\"WebPage\",\"@id\":\"https:\/\/www.schaeflein.de\/en\/skilled-workers-of-tomorrow-get-off-to-a-flying-start-at-schaeflein.html\",\"url\":\"https:\/\/www.schaeflein.de\/en\/skilled-workers-of-tomorrow-get-off-to-a-flying-start-at-schaeflein.html\",\"name\":\"Skilled workers of tomorrow get off to a flying start at Sch\u00e4flein | Sch\u00e4flein\",\"isPartOf\":{\"@id\":\"https:\/\/www.schaeflein.de\/#website\"},\"primaryImageOfPage\":{\"@id\":\"https:\/\/www.schaeflein.de\/en\/skilled-workers-of-tomorrow-get-off-to-a-flying-start-at-schaeflein.html#primaryimage\"},\"image\":{\"@id\":\"https:\/\/www.schaeflein.de\/en\/skilled-workers-of-tomorrow-get-off-to-a-flying-start-at-schaeflein.html#primaryimage\"},\"thumbnailUrl\":\"https:\/\/www.schaeflein.de\/wp-content\/uploads\/01_Gruppenfoto_Azubis-2022.jpg\",\"datePublished\":\"2022-09-05T08:09:08+00:00\",\"dateModified\":\"2025-02-06T09:25:24+00:00\",\"author\":{\"@id\":\"https:\/\/www.schaeflein.de\/#\/schema\/person\/1f37b1e80ad86a3fcfd2b12d76be27f7\"},\"description\":\"In R\u00f6thlein and the surrounding area alone, the Sch\u00e4flein Group recently welcomed 32 trainees at the start of the new training year.\",\"breadcrumb\":{\"@id\":\"https:\/\/www.schaeflein.de\/en\/skilled-workers-of-tomorrow-get-off-to-a-flying-start-at-schaeflein.html#breadcrumb\"},\"inLanguage\":\"en-US\",\"potentialAction\":[{\"@type\":\"ReadAction\",\"target\":[\"https:\/\/www.schaeflein.de\/en\/skilled-workers-of-tomorrow-get-off-to-a-flying-start-at-schaeflein.html\"]}]},{\"@type\":\"ImageObject\",\"inLanguage\":\"en-US\",\"@id\":\"https:\/\/www.schaeflein.de\/en\/skilled-workers-of-tomorrow-get-off-to-a-flying-start-at-schaeflein.html#primaryimage\",\"url\":\"https:\/\/www.schaeflein.de\/wp-content\/uploads\/01_Gruppenfoto_Azubis-2022.jpg\",\"contentUrl\":\"https:\/\/www.schaeflein.de\/wp-content\/uploads\/01_Gruppenfoto_Azubis-2022.jpg\",\"width\":1427,\"height\":802,\"caption\":\"Azubistart bei Sch\u00e4flein\"},{\"@type\":\"BreadcrumbList\",\"@id\":\"https:\/\/www.schaeflein.de\/en\/skilled-workers-of-tomorrow-get-off-to-a-flying-start-at-schaeflein.html#breadcrumb\",\"itemListElement\":[{\"@type\":\"ListItem\",\"position\":1,\"name\":\"Home\",\"item\":\"https:\/\/www.schaeflein.de\/en\"},{\"@type\":\"ListItem\",\"position\":2,\"name\":\"Skilled workers of tomorrow get off to a flying start at Sch\u00e4flein\"}]},{\"@type\":\"WebSite\",\"@id\":\"https:\/\/www.schaeflein.de\/#website\",\"url\":\"https:\/\/www.schaeflein.de\/\",\"name\":\"Sch\u00e4flein\",\"description\":\"\",\"potentialAction\":[{\"@type\":\"SearchAction\",\"target\":{\"@type\":\"EntryPoint\",\"urlTemplate\":\"https:\/\/www.schaeflein.de\/?s={search_term_string}\"},\"query-input\":{\"@type\":\"PropertyValueSpecification\",\"valueRequired\":true,\"valueName\":\"search_term_string\"}}],\"inLanguage\":\"en-US\"},{\"@type\":\"Person\",\"@id\":\"https:\/\/www.schaeflein.de\/#\/schema\/person\/1f37b1e80ad86a3fcfd2b12d76be27f7\",\"name\":\"schaeflein\",\"image\":{\"@type\":\"ImageObject\",\"inLanguage\":\"en-US\",\"@id\":\"https:\/\/www.schaeflein.de\/#\/schema\/person\/image\/\",\"url\":\"https:\/\/secure.gravatar.com\/avatar\/133b720f63126f53b3ed249e43296244e1bef9afbe6626912327386582051796?s=96&d=mm&r=g\",\"contentUrl\":\"https:\/\/secure.gravatar.com\/avatar\/133b720f63126f53b3ed249e43296244e1bef9afbe6626912327386582051796?s=96&d=mm&r=g\",\"caption\":\"schaeflein\"}}]}<\/script>\n<!-- \/ Yoast SEO plugin. -->","yoast_head_json":{"title":"Skilled workers of tomorrow get off to a flying start at Sch\u00e4flein | Sch\u00e4flein","description":"In R\u00f6thlein and the surrounding area alone, the Sch\u00e4flein Group recently welcomed 32 trainees at the start of the new training year.","robots":{"index":"index","follow":"follow","max-snippet":"max-snippet:-1","max-image-preview":"max-image-preview:large","max-video-preview":"max-video-preview:-1"},"canonical":"https:\/\/www.schaeflein.de\/en\/skilled-workers-of-tomorrow-get-off-to-a-flying-start-at-schaeflein.html","twitter_misc":{"Written by":"schaeflein","Est. reading time":"3 minutes"},"schema":{"@context":"https:\/\/schema.org","@graph":[{"@type":"WebPage","@id":"https:\/\/www.schaeflein.de\/en\/skilled-workers-of-tomorrow-get-off-to-a-flying-start-at-schaeflein.html","url":"https:\/\/www.schaeflein.de\/en\/skilled-workers-of-tomorrow-get-off-to-a-flying-start-at-schaeflein.html","name":"Skilled workers of tomorrow get off to a flying start at Sch\u00e4flein | Sch\u00e4flein","isPartOf":{"@id":"https:\/\/www.schaeflein.de\/#website"},"primaryImageOfPage":{"@id":"https:\/\/www.schaeflein.de\/en\/skilled-workers-of-tomorrow-get-off-to-a-flying-start-at-schaeflein.html#primaryimage"},"image":{"@id":"https:\/\/www.schaeflein.de\/en\/skilled-workers-of-tomorrow-get-off-to-a-flying-start-at-schaeflein.html#primaryimage"},"thumbnailUrl":"https:\/\/www.schaeflein.de\/wp-content\/uploads\/01_Gruppenfoto_Azubis-2022.jpg","datePublished":"2022-09-05T08:09:08+00:00","dateModified":"2025-02-06T09:25:24+00:00","author":{"@id":"https:\/\/www.schaeflein.de\/#\/schema\/person\/1f37b1e80ad86a3fcfd2b12d76be27f7"},"description":"In R\u00f6thlein and the surrounding area alone, the Sch\u00e4flein Group recently welcomed 32 trainees at the start of the new training year.","breadcrumb":{"@id":"https:\/\/www.schaeflein.de\/en\/skilled-workers-of-tomorrow-get-off-to-a-flying-start-at-schaeflein.html#breadcrumb"},"inLanguage":"en-US","potentialAction":[{"@type":"ReadAction","target":["https:\/\/www.schaeflein.de\/en\/skilled-workers-of-tomorrow-get-off-to-a-flying-start-at-schaeflein.html"]}]},{"@type":"ImageObject","inLanguage":"en-US","@id":"https:\/\/www.schaeflein.de\/en\/skilled-workers-of-tomorrow-get-off-to-a-flying-start-at-schaeflein.html#primaryimage","url":"https:\/\/www.schaeflein.de\/wp-content\/uploads\/01_Gruppenfoto_Azubis-2022.jpg","contentUrl":"https:\/\/www.schaeflein.de\/wp-content\/uploads\/01_Gruppenfoto_Azubis-2022.jpg","width":1427,"height":802,"caption":"Azubistart bei Sch\u00e4flein"},{"@type":"BreadcrumbList","@id":"https:\/\/www.schaeflein.de\/en\/skilled-workers-of-tomorrow-get-off-to-a-flying-start-at-schaeflein.html#breadcrumb","itemListElement":[{"@type":"ListItem","position":1,"name":"Home","item":"https:\/\/www.schaeflein.de\/en"},{"@type":"ListItem","position":2,"name":"Skilled workers of tomorrow get off to a flying start at Sch\u00e4flein"}]},{"@type":"WebSite","@id":"https:\/\/www.schaeflein.de\/#website","url":"https:\/\/www.schaeflein.de\/","name":"Sch\u00e4flein","description":"","potentialAction":[{"@type":"SearchAction","target":{"@type":"EntryPoint","urlTemplate":"https:\/\/www.schaeflein.de\/?s={search_term_string}"},"query-input":{"@type":"PropertyValueSpecification","valueRequired":true,"valueName":"search_term_string"}}],"inLanguage":"en-US"},{"@type":"Person","@id":"https:\/\/www.schaeflein.de\/#\/schema\/person\/1f37b1e80ad86a3fcfd2b12d76be27f7","name":"schaeflein","image":{"@type":"ImageObject","inLanguage":"en-US","@id":"https:\/\/www.schaeflein.de\/#\/schema\/person\/image\/","url":"https:\/\/secure.gravatar.com\/avatar\/133b720f63126f53b3ed249e43296244e1bef9afbe6626912327386582051796?s=96&d=mm&r=g","contentUrl":"https:\/\/secure.gravatar.com\/avatar\/133b720f63126f53b3ed249e43296244e1bef9afbe6626912327386582051796?s=96&d=mm&r=g","caption":"schaeflein"}}]}},"_links":{"self":[{"href":"https:\/\/www.schaeflein.de\/en\/wp-json\/wp\/v2\/posts\/12996","targetHints":{"allow":["GET"]}}],"collection":[{"href":"https:\/\/www.schaeflein.de\/en\/wp-json\/wp\/v2\/posts"}],"about":[{"href":"https:\/\/www.schaeflein.de\/en\/wp-json\/wp\/v2\/types\/post"}],"author":[{"embeddable":true,"href":"https:\/\/www.schaeflein.de\/en\/wp-json\/wp\/v2\/users\/16"}],"replies":[{"embeddable":true,"href":"https:\/\/www.schaeflein.de\/en\/wp-json\/wp\/v2\/comments?post=12996"}],"version-history":[{"count":1,"href":"https:\/\/www.schaeflein.de\/en\/wp-json\/wp\/v2\/posts\/12996\/revisions"}],"predecessor-version":[{"id":12997,"href":"https:\/\/www.schaeflein.de\/en\/wp-json\/wp\/v2\/posts\/12996\/revisions\/12997"}],"wp:featuredmedia":[{"embeddable":true,"href":"https:\/\/www.schaeflein.de\/en\/wp-json\/wp\/v2\/media\/8992"}],"wp:attachment":[{"href":"https:\/\/www.schaeflein.de\/en\/wp-json\/wp\/v2\/media?parent=12996"}],"wp:term":[{"taxonomy":"category","embeddable":true,"href":"https:\/\/www.schaeflein.de\/en\/wp-json\/wp\/v2\/categories?post=12996"},{"taxonomy":"post_tag","embeddable":true,"href":"https:\/\/www.schaeflein.de\/en\/wp-json\/wp\/v2\/tags?post=12996"}],"curies":[{"name":"wp","href":"https:\/\/api.w.org\/{rel}","templated":true}]}}