{"id":13032,"date":"2021-09-21T11:23:44","date_gmt":"2021-09-21T09:23:44","guid":{"rendered":"https:\/\/www.schaeflein.de\/?p=13032"},"modified":"2025-02-07T11:24:54","modified_gmt":"2025-02-07T10:24:54","slug":"schaeflein-takes-3rd-place-in-the-cargoliner-of-the-year-competition","status":"publish","type":"post","link":"https:\/\/www.schaeflein.de\/en\/schaeflein-takes-3rd-place-in-the-cargoliner-of-the-year-competition.html","title":{"rendered":"Sch\u00e4flein takes 3rd place in the CargoLiner of the Year competition"},"content":{"rendered":"<p><strong>Sch\u00e4flein Spedition is now celebrating its third consecutive year on the podium. Sch\u00e4flein AG is proud of Thorsten Schmied, Managing Director of Sch\u00e4flein Spedition, and the entire Sch\u00e4flein Spedition team, who won third place in the competition for the award.<\/strong><\/p>\n<div>Sch\u00e4flein AG is once again on the podium this year in the competition for CargoLiner of the Year, as the partners in the CargoLine network were able to collect the most points in key criteria such as quality, quantities, commitment and audit areas. The CargoLiner of the Year award is a great incentive and demonstrates the partnership at eye level within the network.<\/div>\n<div>\u00a0<\/div>\n<div>We would of course also like to congratulate the winner Schmidt-Gevelsberg and L. Wackler Wwe. Nachf. GmbH, who made it to second place on the winners&#8217; podium.<\/div>\n<div>\u00a0<\/div>\n<div><img loading=\"lazy\" decoding=\"async\" class=\"alignnone wp-image-8500\" src=\"https:\/\/www.schaeflein.de\/wp-content\/uploads\/cargoliner-des-jahres-2021-1024x768.jpg\" alt=\"Cargoliner des Jahres\" width=\"600\" height=\"450\" srcset=\"https:\/\/www.schaeflein.de\/wp-content\/uploads\/cargoliner-des-jahres-2021-1024x768.jpg 1024w, https:\/\/www.schaeflein.de\/wp-content\/uploads\/cargoliner-des-jahres-2021-300x225.jpg 300w, https:\/\/www.schaeflein.de\/wp-content\/uploads\/cargoliner-des-jahres-2021-768x576.jpg 768w, https:\/\/www.schaeflein.de\/wp-content\/uploads\/cargoliner-des-jahres-2021-249x187.jpg 249w\" sizes=\"auto, (max-width: 600px) 100vw, 600px\" \/><\/div>\n<div>\u00a0<\/div>\n<div>Photo from left to right: Thorsten Schmied, Bernd Sch\u00e4flein, Burkhard Frese, Torsten Huberti, Markus Hecker<\/div>\n<p>For us, this means that we are not resting on our laurels this year, but are working even harder to promote quality, customer satisfaction and growth. We can do this thanks to our great team, commitment and expertise.<\/p>\n<p>&nbsp;<\/p>\n<p><iframe loading=\"lazy\" title=\"YouTube video player\" src=\"https:\/\/www.youtube.com\/embed\/Nb9NoJbvRkA\" width=\"560\" height=\"315\" frameborder=\"0\" allowfullscreen=\"allowfullscreen\" data-mce-fragment=\"1\"><\/iframe><\/p>\n","protected":false},"excerpt":{"rendered":"<p>Sch\u00e4flein Spedition is now celebrating its third consecutive year on the podium. Sch\u00e4flein AG is proud of Thorsten Schmied, Managing Director of Sch\u00e4flein Spedition, and the entire Sch\u00e4flein Spedition team, who won third place in the competition for the award. Sch\u00e4flein AG is once again on the podium this year in the competition for CargoLiner [&hellip;]<\/p>\n","protected":false},"author":16,"featured_media":8501,"comment_status":"closed","ping_status":"closed","sticky":false,"template":"","format":"standard","meta":{"_acf_changed":false,"footnotes":""},"categories":[],"tags":[],"class_list":["post-13032","post","type-post","status-publish","format-standard","has-post-thumbnail","hentry"],"acf":[],"yoast_head":"<!-- This site is optimized with the Yoast SEO plugin v26.6 - https:\/\/yoast.com\/wordpress\/plugins\/seo\/ -->\n<title>Sch\u00e4flein takes 3rd place in the CargoLiner of the Year competition | Sch\u00e4flein<\/title>\n<meta name=\"description\" content=\"For the third year in a row, Sch\u00e4flein Spedition is on the podium! Congratulations to Thorsten Schmied and the team on securing third place.\" \/>\n<meta name=\"robots\" content=\"index, follow, max-snippet:-1, max-image-preview:large, max-video-preview:-1\" \/>\n<link rel=\"canonical\" href=\"https:\/\/www.schaeflein.de\/en\/schaeflein-takes-3rd-place-in-the-cargoliner-of-the-year-competition.html\" \/>\n<meta name=\"twitter:label1\" content=\"Written by\" \/>\n\t<meta name=\"twitter:data1\" content=\"schaeflein\" \/>\n\t<meta name=\"twitter:label2\" content=\"Est. reading time\" \/>\n\t<meta name=\"twitter:data2\" content=\"2 minutes\" \/>\n<script type=\"application\/ld+json\" class=\"yoast-schema-graph\">{\"@context\":\"https:\/\/schema.org\",\"@graph\":[{\"@type\":\"WebPage\",\"@id\":\"https:\/\/www.schaeflein.de\/en\/schaeflein-takes-3rd-place-in-the-cargoliner-of-the-year-competition.html\",\"url\":\"https:\/\/www.schaeflein.de\/en\/schaeflein-takes-3rd-place-in-the-cargoliner-of-the-year-competition.html\",\"name\":\"Sch\u00e4flein takes 3rd place in the CargoLiner of the Year competition | Sch\u00e4flein\",\"isPartOf\":{\"@id\":\"https:\/\/www.schaeflein.de\/#website\"},\"primaryImageOfPage\":{\"@id\":\"https:\/\/www.schaeflein.de\/en\/schaeflein-takes-3rd-place-in-the-cargoliner-of-the-year-competition.html#primaryimage\"},\"image\":{\"@id\":\"https:\/\/www.schaeflein.de\/en\/schaeflein-takes-3rd-place-in-the-cargoliner-of-the-year-competition.html#primaryimage\"},\"thumbnailUrl\":\"https:\/\/www.schaeflein.de\/wp-content\/uploads\/cargoliner-des-jahres-2021.jpg\",\"datePublished\":\"2021-09-21T09:23:44+00:00\",\"dateModified\":\"2025-02-07T10:24:54+00:00\",\"author\":{\"@id\":\"https:\/\/www.schaeflein.de\/#\/schema\/person\/1f37b1e80ad86a3fcfd2b12d76be27f7\"},\"description\":\"For the third year in a row, Sch\u00e4flein Spedition is on the podium! Congratulations to Thorsten Schmied and the team on securing third place.\",\"breadcrumb\":{\"@id\":\"https:\/\/www.schaeflein.de\/en\/schaeflein-takes-3rd-place-in-the-cargoliner-of-the-year-competition.html#breadcrumb\"},\"inLanguage\":\"en-US\",\"potentialAction\":[{\"@type\":\"ReadAction\",\"target\":[\"https:\/\/www.schaeflein.de\/en\/schaeflein-takes-3rd-place-in-the-cargoliner-of-the-year-competition.html\"]}]},{\"@type\":\"ImageObject\",\"inLanguage\":\"en-US\",\"@id\":\"https:\/\/www.schaeflein.de\/en\/schaeflein-takes-3rd-place-in-the-cargoliner-of-the-year-competition.html#primaryimage\",\"url\":\"https:\/\/www.schaeflein.de\/wp-content\/uploads\/cargoliner-des-jahres-2021.jpg\",\"contentUrl\":\"https:\/\/www.schaeflein.de\/wp-content\/uploads\/cargoliner-des-jahres-2021.jpg\",\"width\":4032,\"height\":3024,\"caption\":\"Cargoliner des Jahres\"},{\"@type\":\"BreadcrumbList\",\"@id\":\"https:\/\/www.schaeflein.de\/en\/schaeflein-takes-3rd-place-in-the-cargoliner-of-the-year-competition.html#breadcrumb\",\"itemListElement\":[{\"@type\":\"ListItem\",\"position\":1,\"name\":\"Home\",\"item\":\"https:\/\/www.schaeflein.de\/en\"},{\"@type\":\"ListItem\",\"position\":2,\"name\":\"Sch\u00e4flein takes 3rd place in the CargoLiner of the Year competition\"}]},{\"@type\":\"WebSite\",\"@id\":\"https:\/\/www.schaeflein.de\/#website\",\"url\":\"https:\/\/www.schaeflein.de\/\",\"name\":\"Sch\u00e4flein\",\"description\":\"\",\"potentialAction\":[{\"@type\":\"SearchAction\",\"target\":{\"@type\":\"EntryPoint\",\"urlTemplate\":\"https:\/\/www.schaeflein.de\/?s={search_term_string}\"},\"query-input\":{\"@type\":\"PropertyValueSpecification\",\"valueRequired\":true,\"valueName\":\"search_term_string\"}}],\"inLanguage\":\"en-US\"},{\"@type\":\"Person\",\"@id\":\"https:\/\/www.schaeflein.de\/#\/schema\/person\/1f37b1e80ad86a3fcfd2b12d76be27f7\",\"name\":\"schaeflein\",\"image\":{\"@type\":\"ImageObject\",\"inLanguage\":\"en-US\",\"@id\":\"https:\/\/www.schaeflein.de\/#\/schema\/person\/image\/\",\"url\":\"https:\/\/secure.gravatar.com\/avatar\/133b720f63126f53b3ed249e43296244e1bef9afbe6626912327386582051796?s=96&d=mm&r=g\",\"contentUrl\":\"https:\/\/secure.gravatar.com\/avatar\/133b720f63126f53b3ed249e43296244e1bef9afbe6626912327386582051796?s=96&d=mm&r=g\",\"caption\":\"schaeflein\"}}]}<\/script>\n<!-- \/ Yoast SEO plugin. -->","yoast_head_json":{"title":"Sch\u00e4flein takes 3rd place in the CargoLiner of the Year competition | Sch\u00e4flein","description":"For the third year in a row, Sch\u00e4flein Spedition is on the podium! Congratulations to Thorsten Schmied and the team on securing third place.","robots":{"index":"index","follow":"follow","max-snippet":"max-snippet:-1","max-image-preview":"max-image-preview:large","max-video-preview":"max-video-preview:-1"},"canonical":"https:\/\/www.schaeflein.de\/en\/schaeflein-takes-3rd-place-in-the-cargoliner-of-the-year-competition.html","twitter_misc":{"Written by":"schaeflein","Est. reading time":"2 minutes"},"schema":{"@context":"https:\/\/schema.org","@graph":[{"@type":"WebPage","@id":"https:\/\/www.schaeflein.de\/en\/schaeflein-takes-3rd-place-in-the-cargoliner-of-the-year-competition.html","url":"https:\/\/www.schaeflein.de\/en\/schaeflein-takes-3rd-place-in-the-cargoliner-of-the-year-competition.html","name":"Sch\u00e4flein takes 3rd place in the CargoLiner of the Year competition | Sch\u00e4flein","isPartOf":{"@id":"https:\/\/www.schaeflein.de\/#website"},"primaryImageOfPage":{"@id":"https:\/\/www.schaeflein.de\/en\/schaeflein-takes-3rd-place-in-the-cargoliner-of-the-year-competition.html#primaryimage"},"image":{"@id":"https:\/\/www.schaeflein.de\/en\/schaeflein-takes-3rd-place-in-the-cargoliner-of-the-year-competition.html#primaryimage"},"thumbnailUrl":"https:\/\/www.schaeflein.de\/wp-content\/uploads\/cargoliner-des-jahres-2021.jpg","datePublished":"2021-09-21T09:23:44+00:00","dateModified":"2025-02-07T10:24:54+00:00","author":{"@id":"https:\/\/www.schaeflein.de\/#\/schema\/person\/1f37b1e80ad86a3fcfd2b12d76be27f7"},"description":"For the third year in a row, Sch\u00e4flein Spedition is on the podium! Congratulations to Thorsten Schmied and the team on securing third place.","breadcrumb":{"@id":"https:\/\/www.schaeflein.de\/en\/schaeflein-takes-3rd-place-in-the-cargoliner-of-the-year-competition.html#breadcrumb"},"inLanguage":"en-US","potentialAction":[{"@type":"ReadAction","target":["https:\/\/www.schaeflein.de\/en\/schaeflein-takes-3rd-place-in-the-cargoliner-of-the-year-competition.html"]}]},{"@type":"ImageObject","inLanguage":"en-US","@id":"https:\/\/www.schaeflein.de\/en\/schaeflein-takes-3rd-place-in-the-cargoliner-of-the-year-competition.html#primaryimage","url":"https:\/\/www.schaeflein.de\/wp-content\/uploads\/cargoliner-des-jahres-2021.jpg","contentUrl":"https:\/\/www.schaeflein.de\/wp-content\/uploads\/cargoliner-des-jahres-2021.jpg","width":4032,"height":3024,"caption":"Cargoliner des Jahres"},{"@type":"BreadcrumbList","@id":"https:\/\/www.schaeflein.de\/en\/schaeflein-takes-3rd-place-in-the-cargoliner-of-the-year-competition.html#breadcrumb","itemListElement":[{"@type":"ListItem","position":1,"name":"Home","item":"https:\/\/www.schaeflein.de\/en"},{"@type":"ListItem","position":2,"name":"Sch\u00e4flein takes 3rd place in the CargoLiner of the Year competition"}]},{"@type":"WebSite","@id":"https:\/\/www.schaeflein.de\/#website","url":"https:\/\/www.schaeflein.de\/","name":"Sch\u00e4flein","description":"","potentialAction":[{"@type":"SearchAction","target":{"@type":"EntryPoint","urlTemplate":"https:\/\/www.schaeflein.de\/?s={search_term_string}"},"query-input":{"@type":"PropertyValueSpecification","valueRequired":true,"valueName":"search_term_string"}}],"inLanguage":"en-US"},{"@type":"Person","@id":"https:\/\/www.schaeflein.de\/#\/schema\/person\/1f37b1e80ad86a3fcfd2b12d76be27f7","name":"schaeflein","image":{"@type":"ImageObject","inLanguage":"en-US","@id":"https:\/\/www.schaeflein.de\/#\/schema\/person\/image\/","url":"https:\/\/secure.gravatar.com\/avatar\/133b720f63126f53b3ed249e43296244e1bef9afbe6626912327386582051796?s=96&d=mm&r=g","contentUrl":"https:\/\/secure.gravatar.com\/avatar\/133b720f63126f53b3ed249e43296244e1bef9afbe6626912327386582051796?s=96&d=mm&r=g","caption":"schaeflein"}}]}},"_links":{"self":[{"href":"https:\/\/www.schaeflein.de\/en\/wp-json\/wp\/v2\/posts\/13032","targetHints":{"allow":["GET"]}}],"collection":[{"href":"https:\/\/www.schaeflein.de\/en\/wp-json\/wp\/v2\/posts"}],"about":[{"href":"https:\/\/www.schaeflein.de\/en\/wp-json\/wp\/v2\/types\/post"}],"author":[{"embeddable":true,"href":"https:\/\/www.schaeflein.de\/en\/wp-json\/wp\/v2\/users\/16"}],"replies":[{"embeddable":true,"href":"https:\/\/www.schaeflein.de\/en\/wp-json\/wp\/v2\/comments?post=13032"}],"version-history":[{"count":1,"href":"https:\/\/www.schaeflein.de\/en\/wp-json\/wp\/v2\/posts\/13032\/revisions"}],"predecessor-version":[{"id":13033,"href":"https:\/\/www.schaeflein.de\/en\/wp-json\/wp\/v2\/posts\/13032\/revisions\/13033"}],"wp:featuredmedia":[{"embeddable":true,"href":"https:\/\/www.schaeflein.de\/en\/wp-json\/wp\/v2\/media\/8501"}],"wp:attachment":[{"href":"https:\/\/www.schaeflein.de\/en\/wp-json\/wp\/v2\/media?parent=13032"}],"wp:term":[{"taxonomy":"category","embeddable":true,"href":"https:\/\/www.schaeflein.de\/en\/wp-json\/wp\/v2\/categories?post=13032"},{"taxonomy":"post_tag","embeddable":true,"href":"https:\/\/www.schaeflein.de\/en\/wp-json\/wp\/v2\/tags?post=13032"}],"curies":[{"name":"wp","href":"https:\/\/api.w.org\/{rel}","templated":true}]}}