{"id":13037,"date":"2021-01-15T11:55:29","date_gmt":"2021-01-15T10:55:29","guid":{"rendered":"https:\/\/www.schaeflein.de\/?p=13037"},"modified":"2025-02-07T12:00:21","modified_gmt":"2025-02-07T11:00:21","slug":"schaeflein-trainees-show-social-commitment","status":"publish","type":"post","link":"https:\/\/www.schaeflein.de\/en\/schaeflein-trainees-show-social-commitment.html","title":{"rendered":"Sch\u00e4flein trainees show social commitment"},"content":{"rendered":"<p><strong>Around the turn of the year, almost 50 trainees from the Sch\u00e4flein Group took the opportunity to get socially involved and take on responsibility. They supported social organisations and projects in the region with various charitable activities.<\/strong><\/p>\n<p>&#8220;We were allowed to decide for ourselves which organisations we wanted to help and how we wanted to get involved,&#8221; says Sarah P\u00f6hlmann, a trainee office administrator. Her group decided to write Christmas letters to various senior centres. With over 100 handwritten and personalised texts, they got the residents in the mood for Christmas.<\/p>\n<p>&#8220;For us, <a href=\"https:\/\/www.schaeflein.de\/en\/career\/training-at-schaeflein\">training<\/a> means developing young people&#8217;s personalities as well as their professional expertise. This includes making the value of personal initiative and social commitment tangible,&#8221; emphasises Christoph Heller, CEO of the Sch\u00e4flein Group.<\/p>\n<p><strong>A wide range of projects were supported<\/strong><\/p>\n<p>There were no limits to creativity when choosing the project. For example, three groups put their baking and crafting skills to the test and surprised the AWO senior citizens&#8217; centre in Schwebheim with home-baked cakes and handmade Christmas and Easter decorations and the Marienthal children&#8217;s home with home-baked biscuits. Others collected donations, for example with the help of an in-house Christmas tree sale. The proceeds and donations from the campaigns went to the curative education day centre at the Sozialdienst katholischer Frauen W\u00fcrzburg, the Schwebheim animal shelter and the Maria Schutz youth welfare centre in Grafenrheinfeld.<\/p>\n<p>And as presents are particularly popular with children at Christmas, gift-giving campaigns were also a must. With the support of the Sch\u00e4flein workforce, 50 Christmas presents were handed over to the Maria Schutz youth welfare centre. The Sch\u00e4flein trainees also collected a total of 400 parcels for the Johanniter Christmas truckers, who distributed them to people in need in south-east Europe. As varied and diverse as the activities were, the tenor was the same: &#8220;It was a lot of fun to bring joy to so many people at this difficult time,&#8221; the trainees agreed.<\/p>\n","protected":false},"excerpt":{"rendered":"<p>Around the turn of the year, almost 50 trainees from the Sch\u00e4flein Group took the opportunity to get socially involved and take on responsibility. They supported social organisations and projects in the region with various charitable activities. &#8220;We were allowed to decide for ourselves which organisations we wanted to help and how we wanted to [&hellip;]<\/p>\n","protected":false},"author":16,"featured_media":8211,"comment_status":"closed","ping_status":"closed","sticky":false,"template":"","format":"standard","meta":{"_acf_changed":false,"footnotes":""},"categories":[],"tags":[],"class_list":["post-13037","post","type-post","status-publish","format-standard","has-post-thumbnail","hentry"],"acf":[],"yoast_head":"<!-- This site is optimized with the Yoast SEO plugin v26.6 - https:\/\/yoast.com\/wordpress\/plugins\/seo\/ -->\n<title>Sch\u00e4flein trainees show social commitment | Sch\u00e4flein<\/title>\n<meta name=\"description\" content=\"Nearly 50 Sch\u00e4flein trainees kicked off the year by supporting local social projects with charitable activities.\" \/>\n<meta name=\"robots\" content=\"index, follow, max-snippet:-1, max-image-preview:large, max-video-preview:-1\" \/>\n<link rel=\"canonical\" href=\"https:\/\/www.schaeflein.de\/en\/schaeflein-trainees-show-social-commitment.html\" \/>\n<meta name=\"twitter:label1\" content=\"Written by\" \/>\n\t<meta name=\"twitter:data1\" content=\"schaeflein\" \/>\n\t<meta name=\"twitter:label2\" content=\"Est. reading time\" \/>\n\t<meta name=\"twitter:data2\" content=\"2 minutes\" \/>\n<script type=\"application\/ld+json\" class=\"yoast-schema-graph\">{\"@context\":\"https:\/\/schema.org\",\"@graph\":[{\"@type\":\"WebPage\",\"@id\":\"https:\/\/www.schaeflein.de\/en\/schaeflein-trainees-show-social-commitment.html\",\"url\":\"https:\/\/www.schaeflein.de\/en\/schaeflein-trainees-show-social-commitment.html\",\"name\":\"Sch\u00e4flein trainees show social commitment | Sch\u00e4flein\",\"isPartOf\":{\"@id\":\"https:\/\/www.schaeflein.de\/#website\"},\"primaryImageOfPage\":{\"@id\":\"https:\/\/www.schaeflein.de\/en\/schaeflein-trainees-show-social-commitment.html#primaryimage\"},\"image\":{\"@id\":\"https:\/\/www.schaeflein.de\/en\/schaeflein-trainees-show-social-commitment.html#primaryimage\"},\"thumbnailUrl\":\"https:\/\/www.schaeflein.de\/wp-content\/uploads\/soziales-engagement-sch\u00e4flein-roethlein.jpg\",\"datePublished\":\"2021-01-15T10:55:29+00:00\",\"dateModified\":\"2025-02-07T11:00:21+00:00\",\"author\":{\"@id\":\"https:\/\/www.schaeflein.de\/#\/schema\/person\/1f37b1e80ad86a3fcfd2b12d76be27f7\"},\"description\":\"Nearly 50 Sch\u00e4flein trainees kicked off the year by supporting local social projects with charitable activities.\",\"breadcrumb\":{\"@id\":\"https:\/\/www.schaeflein.de\/en\/schaeflein-trainees-show-social-commitment.html#breadcrumb\"},\"inLanguage\":\"en-US\",\"potentialAction\":[{\"@type\":\"ReadAction\",\"target\":[\"https:\/\/www.schaeflein.de\/en\/schaeflein-trainees-show-social-commitment.html\"]}]},{\"@type\":\"ImageObject\",\"inLanguage\":\"en-US\",\"@id\":\"https:\/\/www.schaeflein.de\/en\/schaeflein-trainees-show-social-commitment.html#primaryimage\",\"url\":\"https:\/\/www.schaeflein.de\/wp-content\/uploads\/soziales-engagement-sch\u00e4flein-roethlein.jpg\",\"contentUrl\":\"https:\/\/www.schaeflein.de\/wp-content\/uploads\/soziales-engagement-sch\u00e4flein-roethlein.jpg\",\"width\":350,\"height\":263,\"caption\":\"Soziales Engagement Sch\u00e4flein\"},{\"@type\":\"BreadcrumbList\",\"@id\":\"https:\/\/www.schaeflein.de\/en\/schaeflein-trainees-show-social-commitment.html#breadcrumb\",\"itemListElement\":[{\"@type\":\"ListItem\",\"position\":1,\"name\":\"Home\",\"item\":\"https:\/\/www.schaeflein.de\/en\"},{\"@type\":\"ListItem\",\"position\":2,\"name\":\"Sch\u00e4flein trainees show social commitment\"}]},{\"@type\":\"WebSite\",\"@id\":\"https:\/\/www.schaeflein.de\/#website\",\"url\":\"https:\/\/www.schaeflein.de\/\",\"name\":\"Sch\u00e4flein\",\"description\":\"\",\"potentialAction\":[{\"@type\":\"SearchAction\",\"target\":{\"@type\":\"EntryPoint\",\"urlTemplate\":\"https:\/\/www.schaeflein.de\/?s={search_term_string}\"},\"query-input\":{\"@type\":\"PropertyValueSpecification\",\"valueRequired\":true,\"valueName\":\"search_term_string\"}}],\"inLanguage\":\"en-US\"},{\"@type\":\"Person\",\"@id\":\"https:\/\/www.schaeflein.de\/#\/schema\/person\/1f37b1e80ad86a3fcfd2b12d76be27f7\",\"name\":\"schaeflein\",\"image\":{\"@type\":\"ImageObject\",\"inLanguage\":\"en-US\",\"@id\":\"https:\/\/www.schaeflein.de\/#\/schema\/person\/image\/\",\"url\":\"https:\/\/secure.gravatar.com\/avatar\/133b720f63126f53b3ed249e43296244e1bef9afbe6626912327386582051796?s=96&d=mm&r=g\",\"contentUrl\":\"https:\/\/secure.gravatar.com\/avatar\/133b720f63126f53b3ed249e43296244e1bef9afbe6626912327386582051796?s=96&d=mm&r=g\",\"caption\":\"schaeflein\"}}]}<\/script>\n<!-- \/ Yoast SEO plugin. -->","yoast_head_json":{"title":"Sch\u00e4flein trainees show social commitment | Sch\u00e4flein","description":"Nearly 50 Sch\u00e4flein trainees kicked off the year by supporting local social projects with charitable activities.","robots":{"index":"index","follow":"follow","max-snippet":"max-snippet:-1","max-image-preview":"max-image-preview:large","max-video-preview":"max-video-preview:-1"},"canonical":"https:\/\/www.schaeflein.de\/en\/schaeflein-trainees-show-social-commitment.html","twitter_misc":{"Written by":"schaeflein","Est. reading time":"2 minutes"},"schema":{"@context":"https:\/\/schema.org","@graph":[{"@type":"WebPage","@id":"https:\/\/www.schaeflein.de\/en\/schaeflein-trainees-show-social-commitment.html","url":"https:\/\/www.schaeflein.de\/en\/schaeflein-trainees-show-social-commitment.html","name":"Sch\u00e4flein trainees show social commitment | Sch\u00e4flein","isPartOf":{"@id":"https:\/\/www.schaeflein.de\/#website"},"primaryImageOfPage":{"@id":"https:\/\/www.schaeflein.de\/en\/schaeflein-trainees-show-social-commitment.html#primaryimage"},"image":{"@id":"https:\/\/www.schaeflein.de\/en\/schaeflein-trainees-show-social-commitment.html#primaryimage"},"thumbnailUrl":"https:\/\/www.schaeflein.de\/wp-content\/uploads\/soziales-engagement-sch\u00e4flein-roethlein.jpg","datePublished":"2021-01-15T10:55:29+00:00","dateModified":"2025-02-07T11:00:21+00:00","author":{"@id":"https:\/\/www.schaeflein.de\/#\/schema\/person\/1f37b1e80ad86a3fcfd2b12d76be27f7"},"description":"Nearly 50 Sch\u00e4flein trainees kicked off the year by supporting local social projects with charitable activities.","breadcrumb":{"@id":"https:\/\/www.schaeflein.de\/en\/schaeflein-trainees-show-social-commitment.html#breadcrumb"},"inLanguage":"en-US","potentialAction":[{"@type":"ReadAction","target":["https:\/\/www.schaeflein.de\/en\/schaeflein-trainees-show-social-commitment.html"]}]},{"@type":"ImageObject","inLanguage":"en-US","@id":"https:\/\/www.schaeflein.de\/en\/schaeflein-trainees-show-social-commitment.html#primaryimage","url":"https:\/\/www.schaeflein.de\/wp-content\/uploads\/soziales-engagement-sch\u00e4flein-roethlein.jpg","contentUrl":"https:\/\/www.schaeflein.de\/wp-content\/uploads\/soziales-engagement-sch\u00e4flein-roethlein.jpg","width":350,"height":263,"caption":"Soziales Engagement Sch\u00e4flein"},{"@type":"BreadcrumbList","@id":"https:\/\/www.schaeflein.de\/en\/schaeflein-trainees-show-social-commitment.html#breadcrumb","itemListElement":[{"@type":"ListItem","position":1,"name":"Home","item":"https:\/\/www.schaeflein.de\/en"},{"@type":"ListItem","position":2,"name":"Sch\u00e4flein trainees show social commitment"}]},{"@type":"WebSite","@id":"https:\/\/www.schaeflein.de\/#website","url":"https:\/\/www.schaeflein.de\/","name":"Sch\u00e4flein","description":"","potentialAction":[{"@type":"SearchAction","target":{"@type":"EntryPoint","urlTemplate":"https:\/\/www.schaeflein.de\/?s={search_term_string}"},"query-input":{"@type":"PropertyValueSpecification","valueRequired":true,"valueName":"search_term_string"}}],"inLanguage":"en-US"},{"@type":"Person","@id":"https:\/\/www.schaeflein.de\/#\/schema\/person\/1f37b1e80ad86a3fcfd2b12d76be27f7","name":"schaeflein","image":{"@type":"ImageObject","inLanguage":"en-US","@id":"https:\/\/www.schaeflein.de\/#\/schema\/person\/image\/","url":"https:\/\/secure.gravatar.com\/avatar\/133b720f63126f53b3ed249e43296244e1bef9afbe6626912327386582051796?s=96&d=mm&r=g","contentUrl":"https:\/\/secure.gravatar.com\/avatar\/133b720f63126f53b3ed249e43296244e1bef9afbe6626912327386582051796?s=96&d=mm&r=g","caption":"schaeflein"}}]}},"_links":{"self":[{"href":"https:\/\/www.schaeflein.de\/en\/wp-json\/wp\/v2\/posts\/13037","targetHints":{"allow":["GET"]}}],"collection":[{"href":"https:\/\/www.schaeflein.de\/en\/wp-json\/wp\/v2\/posts"}],"about":[{"href":"https:\/\/www.schaeflein.de\/en\/wp-json\/wp\/v2\/types\/post"}],"author":[{"embeddable":true,"href":"https:\/\/www.schaeflein.de\/en\/wp-json\/wp\/v2\/users\/16"}],"replies":[{"embeddable":true,"href":"https:\/\/www.schaeflein.de\/en\/wp-json\/wp\/v2\/comments?post=13037"}],"version-history":[{"count":1,"href":"https:\/\/www.schaeflein.de\/en\/wp-json\/wp\/v2\/posts\/13037\/revisions"}],"predecessor-version":[{"id":13038,"href":"https:\/\/www.schaeflein.de\/en\/wp-json\/wp\/v2\/posts\/13037\/revisions\/13038"}],"wp:featuredmedia":[{"embeddable":true,"href":"https:\/\/www.schaeflein.de\/en\/wp-json\/wp\/v2\/media\/8211"}],"wp:attachment":[{"href":"https:\/\/www.schaeflein.de\/en\/wp-json\/wp\/v2\/media?parent=13037"}],"wp:term":[{"taxonomy":"category","embeddable":true,"href":"https:\/\/www.schaeflein.de\/en\/wp-json\/wp\/v2\/categories?post=13037"},{"taxonomy":"post_tag","embeddable":true,"href":"https:\/\/www.schaeflein.de\/en\/wp-json\/wp\/v2\/tags?post=13037"}],"curies":[{"name":"wp","href":"https:\/\/api.w.org\/{rel}","templated":true}]}}