{"id":13052,"date":"2020-08-11T16:04:04","date_gmt":"2020-08-11T14:04:04","guid":{"rendered":"https:\/\/www.schaeflein.de\/?p=13052"},"modified":"2025-02-17T11:59:59","modified_gmt":"2025-02-17T10:59:59","slug":"schaeflein-commercial-vehicle-workshop-celebrates-new-opening-in-roethlein","status":"publish","type":"post","link":"https:\/\/www.schaeflein.de\/en\/schaeflein-commercial-vehicle-workshop-celebrates-new-opening-in-roethlein.html","title":{"rendered":"Sch\u00e4flein commercial vehicle workshop celebrates new opening in R\u00f6thlein"},"content":{"rendered":"<p><strong>After almost 50 years at the Schwebheim site, the Sch\u00e4flein commercial vehicle workshop moved to the R\u00f6thlein industrial estate at the beginning of July. The Sch\u00e4flein Group invested around 3.5 million euros in the new premises of its subsidiary.<\/strong><\/p>\n<p>Compared to the previous location, the site in R\u00f6thlein offers more capacity for the growing workshop operations. On an area of around 30,000 square metres, there is a modern workshop building, a truck wash and the company&#8217;s own petrol station. The company is also increasing its workforce. In the medium term, Managing Director Andreas Weinfurtner is planning to create at least seven new jobs in order to expand the team to a total of 19 employees.<\/p>\n<p>&#8220;We are delighted to have the opportunity to grow further at the new location and to be available to our customers with an even larger portfolio,&#8221; says Weinfurtner.<\/p>\n<h3 class=\"\">New location, new company name<\/h3>\n<p>Previously known as Sch\u00e4flein Nutzfahrzeug-Service GmbH, the IVECO authorised workshop has been offering its services under the name Sch\u00e4flein Truck Service GmbH since the move. However, the workshop does not only repair and maintain vehicles from the Italian manufacturer. The range of services also includes trucks and vans from other brands, accessories such as trailers and semi-trailers as well as buses and coaches.<\/p>\n<p>In February 2020, the Sch\u00e4flein Group secured the 30,000 square metre site directly adjacent to the Group&#8217;s headquarters in the R\u00f6thlein industrial estate for its commercial vehicle workshop. While the entire area of the site is currently still being used by Sch\u00e4flein Truck Service GmbH, Sch\u00e4flein AG is already planning to build a new logistics hall on an area of around 15,000 square metres.<\/p>\n<p><img loading=\"lazy\" decoding=\"async\" class=\"alignleft size-medium wp-image-7716\" src=\"https:\/\/www.schaeflein.de\/wp-content\/uploads\/Lkw-Werkstatt-Sch\u00e4flein-Truck-Service-GmbH-feiert-Neuer\u00f6ffnung-300x169.jpg\" alt=\"Neues Werkstattgeb\u00e4ude der Sch\u00e4flein Truck Service GmbH\" width=\"300\" height=\"169\" srcset=\"https:\/\/www.schaeflein.de\/wp-content\/uploads\/Lkw-Werkstatt-Sch\u00e4flein-Truck-Service-GmbH-feiert-Neuer\u00f6ffnung-300x169.jpg 300w, https:\/\/www.schaeflein.de\/wp-content\/uploads\/Lkw-Werkstatt-Sch\u00e4flein-Truck-Service-GmbH-feiert-Neuer\u00f6ffnung-280x157.jpg 280w, https:\/\/www.schaeflein.de\/wp-content\/uploads\/Lkw-Werkstatt-Sch\u00e4flein-Truck-Service-GmbH-feiert-Neuer\u00f6ffnung.jpg 450w\" sizes=\"auto, (max-width: 300px) 100vw, 300px\" \/><\/p>\n","protected":false},"excerpt":{"rendered":"<p>After almost 50 years at the Schwebheim site, the Sch\u00e4flein commercial vehicle workshop moved to the R\u00f6thlein industrial estate at the beginning of July. The Sch\u00e4flein Group invested around 3.5 million euros in the new premises of its subsidiary. Compared to the previous location, the site in R\u00f6thlein offers more capacity for the growing workshop [&hellip;]<\/p>\n","protected":false},"author":16,"featured_media":7717,"comment_status":"closed","ping_status":"closed","sticky":false,"template":"","format":"standard","meta":{"_acf_changed":false,"footnotes":""},"categories":[],"tags":[],"class_list":["post-13052","post","type-post","status-publish","format-standard","has-post-thumbnail","hentry"],"acf":[],"yoast_head":"<!-- This site is optimized with the Yoast SEO plugin v26.6 - https:\/\/yoast.com\/wordpress\/plugins\/seo\/ -->\n<title>Sch\u00e4flein opens a new commercial vehicle workshop in R\u00f6thlein! | Sch\u00e4flein<\/title>\n<meta name=\"description\" content=\"After nearly 50 years in Schwebheim, the Sch\u00e4flein commercial vehicle workshop moved to R\u00f6thlein in July.\" \/>\n<meta name=\"robots\" content=\"index, follow, max-snippet:-1, max-image-preview:large, max-video-preview:-1\" \/>\n<link rel=\"canonical\" href=\"https:\/\/www.schaeflein.de\/en\/schaeflein-commercial-vehicle-workshop-celebrates-new-opening-in-roethlein.html\" \/>\n<meta name=\"twitter:label1\" content=\"Written by\" \/>\n\t<meta name=\"twitter:data1\" content=\"schaeflein\" \/>\n\t<meta name=\"twitter:label2\" content=\"Est. reading time\" \/>\n\t<meta name=\"twitter:data2\" content=\"2 minutes\" \/>\n<script type=\"application\/ld+json\" class=\"yoast-schema-graph\">{\"@context\":\"https:\/\/schema.org\",\"@graph\":[{\"@type\":\"WebPage\",\"@id\":\"https:\/\/www.schaeflein.de\/en\/schaeflein-commercial-vehicle-workshop-celebrates-new-opening-in-roethlein.html\",\"url\":\"https:\/\/www.schaeflein.de\/en\/schaeflein-commercial-vehicle-workshop-celebrates-new-opening-in-roethlein.html\",\"name\":\"Sch\u00e4flein opens a new commercial vehicle workshop in R\u00f6thlein! | Sch\u00e4flein\",\"isPartOf\":{\"@id\":\"https:\/\/www.schaeflein.de\/#website\"},\"primaryImageOfPage\":{\"@id\":\"https:\/\/www.schaeflein.de\/en\/schaeflein-commercial-vehicle-workshop-celebrates-new-opening-in-roethlein.html#primaryimage\"},\"image\":{\"@id\":\"https:\/\/www.schaeflein.de\/en\/schaeflein-commercial-vehicle-workshop-celebrates-new-opening-in-roethlein.html#primaryimage\"},\"thumbnailUrl\":\"https:\/\/www.schaeflein.de\/wp-content\/uploads\/Lkw-Werkstatt-Sch\u00e4flein-Truck-Service-GmbH-feiert-Neuer\u00f6ffnung.jpg\",\"datePublished\":\"2020-08-11T14:04:04+00:00\",\"dateModified\":\"2025-02-17T10:59:59+00:00\",\"author\":{\"@id\":\"https:\/\/www.schaeflein.de\/#\/schema\/person\/1f37b1e80ad86a3fcfd2b12d76be27f7\"},\"description\":\"After nearly 50 years in Schwebheim, the Sch\u00e4flein commercial vehicle workshop moved to R\u00f6thlein in July.\",\"breadcrumb\":{\"@id\":\"https:\/\/www.schaeflein.de\/en\/schaeflein-commercial-vehicle-workshop-celebrates-new-opening-in-roethlein.html#breadcrumb\"},\"inLanguage\":\"en-US\",\"potentialAction\":[{\"@type\":\"ReadAction\",\"target\":[\"https:\/\/www.schaeflein.de\/en\/schaeflein-commercial-vehicle-workshop-celebrates-new-opening-in-roethlein.html\"]}]},{\"@type\":\"ImageObject\",\"inLanguage\":\"en-US\",\"@id\":\"https:\/\/www.schaeflein.de\/en\/schaeflein-commercial-vehicle-workshop-celebrates-new-opening-in-roethlein.html#primaryimage\",\"url\":\"https:\/\/www.schaeflein.de\/wp-content\/uploads\/Lkw-Werkstatt-Sch\u00e4flein-Truck-Service-GmbH-feiert-Neuer\u00f6ffnung.jpg\",\"contentUrl\":\"https:\/\/www.schaeflein.de\/wp-content\/uploads\/Lkw-Werkstatt-Sch\u00e4flein-Truck-Service-GmbH-feiert-Neuer\u00f6ffnung.jpg\",\"width\":450,\"height\":253,\"caption\":\"DCIM100MEDIADJI_0104.JPG\"},{\"@type\":\"BreadcrumbList\",\"@id\":\"https:\/\/www.schaeflein.de\/en\/schaeflein-commercial-vehicle-workshop-celebrates-new-opening-in-roethlein.html#breadcrumb\",\"itemListElement\":[{\"@type\":\"ListItem\",\"position\":1,\"name\":\"Home\",\"item\":\"https:\/\/www.schaeflein.de\/en\"},{\"@type\":\"ListItem\",\"position\":2,\"name\":\"Sch\u00e4flein commercial vehicle workshop celebrates new opening in R\u00f6thlein\"}]},{\"@type\":\"WebSite\",\"@id\":\"https:\/\/www.schaeflein.de\/#website\",\"url\":\"https:\/\/www.schaeflein.de\/\",\"name\":\"Sch\u00e4flein\",\"description\":\"\",\"potentialAction\":[{\"@type\":\"SearchAction\",\"target\":{\"@type\":\"EntryPoint\",\"urlTemplate\":\"https:\/\/www.schaeflein.de\/?s={search_term_string}\"},\"query-input\":{\"@type\":\"PropertyValueSpecification\",\"valueRequired\":true,\"valueName\":\"search_term_string\"}}],\"inLanguage\":\"en-US\"},{\"@type\":\"Person\",\"@id\":\"https:\/\/www.schaeflein.de\/#\/schema\/person\/1f37b1e80ad86a3fcfd2b12d76be27f7\",\"name\":\"schaeflein\",\"image\":{\"@type\":\"ImageObject\",\"inLanguage\":\"en-US\",\"@id\":\"https:\/\/www.schaeflein.de\/#\/schema\/person\/image\/\",\"url\":\"https:\/\/secure.gravatar.com\/avatar\/133b720f63126f53b3ed249e43296244e1bef9afbe6626912327386582051796?s=96&d=mm&r=g\",\"contentUrl\":\"https:\/\/secure.gravatar.com\/avatar\/133b720f63126f53b3ed249e43296244e1bef9afbe6626912327386582051796?s=96&d=mm&r=g\",\"caption\":\"schaeflein\"}}]}<\/script>\n<!-- \/ Yoast SEO plugin. -->","yoast_head_json":{"title":"Sch\u00e4flein opens a new commercial vehicle workshop in R\u00f6thlein! | Sch\u00e4flein","description":"After nearly 50 years in Schwebheim, the Sch\u00e4flein commercial vehicle workshop moved to R\u00f6thlein in July.","robots":{"index":"index","follow":"follow","max-snippet":"max-snippet:-1","max-image-preview":"max-image-preview:large","max-video-preview":"max-video-preview:-1"},"canonical":"https:\/\/www.schaeflein.de\/en\/schaeflein-commercial-vehicle-workshop-celebrates-new-opening-in-roethlein.html","twitter_misc":{"Written by":"schaeflein","Est. reading time":"2 minutes"},"schema":{"@context":"https:\/\/schema.org","@graph":[{"@type":"WebPage","@id":"https:\/\/www.schaeflein.de\/en\/schaeflein-commercial-vehicle-workshop-celebrates-new-opening-in-roethlein.html","url":"https:\/\/www.schaeflein.de\/en\/schaeflein-commercial-vehicle-workshop-celebrates-new-opening-in-roethlein.html","name":"Sch\u00e4flein opens a new commercial vehicle workshop in R\u00f6thlein! | Sch\u00e4flein","isPartOf":{"@id":"https:\/\/www.schaeflein.de\/#website"},"primaryImageOfPage":{"@id":"https:\/\/www.schaeflein.de\/en\/schaeflein-commercial-vehicle-workshop-celebrates-new-opening-in-roethlein.html#primaryimage"},"image":{"@id":"https:\/\/www.schaeflein.de\/en\/schaeflein-commercial-vehicle-workshop-celebrates-new-opening-in-roethlein.html#primaryimage"},"thumbnailUrl":"https:\/\/www.schaeflein.de\/wp-content\/uploads\/Lkw-Werkstatt-Sch\u00e4flein-Truck-Service-GmbH-feiert-Neuer\u00f6ffnung.jpg","datePublished":"2020-08-11T14:04:04+00:00","dateModified":"2025-02-17T10:59:59+00:00","author":{"@id":"https:\/\/www.schaeflein.de\/#\/schema\/person\/1f37b1e80ad86a3fcfd2b12d76be27f7"},"description":"After nearly 50 years in Schwebheim, the Sch\u00e4flein commercial vehicle workshop moved to R\u00f6thlein in July.","breadcrumb":{"@id":"https:\/\/www.schaeflein.de\/en\/schaeflein-commercial-vehicle-workshop-celebrates-new-opening-in-roethlein.html#breadcrumb"},"inLanguage":"en-US","potentialAction":[{"@type":"ReadAction","target":["https:\/\/www.schaeflein.de\/en\/schaeflein-commercial-vehicle-workshop-celebrates-new-opening-in-roethlein.html"]}]},{"@type":"ImageObject","inLanguage":"en-US","@id":"https:\/\/www.schaeflein.de\/en\/schaeflein-commercial-vehicle-workshop-celebrates-new-opening-in-roethlein.html#primaryimage","url":"https:\/\/www.schaeflein.de\/wp-content\/uploads\/Lkw-Werkstatt-Sch\u00e4flein-Truck-Service-GmbH-feiert-Neuer\u00f6ffnung.jpg","contentUrl":"https:\/\/www.schaeflein.de\/wp-content\/uploads\/Lkw-Werkstatt-Sch\u00e4flein-Truck-Service-GmbH-feiert-Neuer\u00f6ffnung.jpg","width":450,"height":253,"caption":"DCIM100MEDIADJI_0104.JPG"},{"@type":"BreadcrumbList","@id":"https:\/\/www.schaeflein.de\/en\/schaeflein-commercial-vehicle-workshop-celebrates-new-opening-in-roethlein.html#breadcrumb","itemListElement":[{"@type":"ListItem","position":1,"name":"Home","item":"https:\/\/www.schaeflein.de\/en"},{"@type":"ListItem","position":2,"name":"Sch\u00e4flein commercial vehicle workshop celebrates new opening in R\u00f6thlein"}]},{"@type":"WebSite","@id":"https:\/\/www.schaeflein.de\/#website","url":"https:\/\/www.schaeflein.de\/","name":"Sch\u00e4flein","description":"","potentialAction":[{"@type":"SearchAction","target":{"@type":"EntryPoint","urlTemplate":"https:\/\/www.schaeflein.de\/?s={search_term_string}"},"query-input":{"@type":"PropertyValueSpecification","valueRequired":true,"valueName":"search_term_string"}}],"inLanguage":"en-US"},{"@type":"Person","@id":"https:\/\/www.schaeflein.de\/#\/schema\/person\/1f37b1e80ad86a3fcfd2b12d76be27f7","name":"schaeflein","image":{"@type":"ImageObject","inLanguage":"en-US","@id":"https:\/\/www.schaeflein.de\/#\/schema\/person\/image\/","url":"https:\/\/secure.gravatar.com\/avatar\/133b720f63126f53b3ed249e43296244e1bef9afbe6626912327386582051796?s=96&d=mm&r=g","contentUrl":"https:\/\/secure.gravatar.com\/avatar\/133b720f63126f53b3ed249e43296244e1bef9afbe6626912327386582051796?s=96&d=mm&r=g","caption":"schaeflein"}}]}},"_links":{"self":[{"href":"https:\/\/www.schaeflein.de\/en\/wp-json\/wp\/v2\/posts\/13052","targetHints":{"allow":["GET"]}}],"collection":[{"href":"https:\/\/www.schaeflein.de\/en\/wp-json\/wp\/v2\/posts"}],"about":[{"href":"https:\/\/www.schaeflein.de\/en\/wp-json\/wp\/v2\/types\/post"}],"author":[{"embeddable":true,"href":"https:\/\/www.schaeflein.de\/en\/wp-json\/wp\/v2\/users\/16"}],"replies":[{"embeddable":true,"href":"https:\/\/www.schaeflein.de\/en\/wp-json\/wp\/v2\/comments?post=13052"}],"version-history":[{"count":2,"href":"https:\/\/www.schaeflein.de\/en\/wp-json\/wp\/v2\/posts\/13052\/revisions"}],"predecessor-version":[{"id":13097,"href":"https:\/\/www.schaeflein.de\/en\/wp-json\/wp\/v2\/posts\/13052\/revisions\/13097"}],"wp:featuredmedia":[{"embeddable":true,"href":"https:\/\/www.schaeflein.de\/en\/wp-json\/wp\/v2\/media\/7717"}],"wp:attachment":[{"href":"https:\/\/www.schaeflein.de\/en\/wp-json\/wp\/v2\/media?parent=13052"}],"wp:term":[{"taxonomy":"category","embeddable":true,"href":"https:\/\/www.schaeflein.de\/en\/wp-json\/wp\/v2\/categories?post=13052"},{"taxonomy":"post_tag","embeddable":true,"href":"https:\/\/www.schaeflein.de\/en\/wp-json\/wp\/v2\/tags?post=13052"}],"curies":[{"name":"wp","href":"https:\/\/api.w.org\/{rel}","templated":true}]}}