{"id":13092,"date":"2020-09-14T11:48:10","date_gmt":"2020-09-14T09:48:10","guid":{"rendered":"https:\/\/www.schaeflein.de\/?p=13092"},"modified":"2025-02-17T11:52:43","modified_gmt":"2025-02-17T10:52:43","slug":"schaeflein-builds-new-logistics-centre-in-marktheidenfeld","status":"publish","type":"post","link":"https:\/\/www.schaeflein.de\/en\/schaeflein-builds-new-logistics-centre-in-marktheidenfeld.html","title":{"rendered":"Sch\u00e4flein builds new logistics centre in Marktheidenfeld"},"content":{"rendered":"<p><strong>The Sch\u00e4flein Group is expanding its network of locations in Mainfranken: the Lower Franconian transport and logistics service provider is developing a multi-user logistics centre in Marktheidenfeld near W\u00fcrzburg and is investing ten million euros in the project. The 15,000 square metre logistics platform is scheduled for completion in the second quarter of 2021.<\/strong><\/p>\n<p>The planning and design of the new building, half of whose roof surface will be greened, is being carried out by Sch\u00e4flein&#8217;s own property project development department. &#8220;This allows our customers to incorporate their individual requirements for the new facility during the construction phase. In addition, the coordination channels between those involved in the project are short,&#8221; explains Achim Sch\u00e4flein, CEO of the group of companies.<\/p>\n<p>The new logistics centre will initially be operated for three existing international customers from the automotive, mechanical and plant engineering and packaging sectors. In addition, the new building offers capacity for co-operation with other clients.<\/p>\n<h3 class=\"\">Logistics platform for integrated services<\/h3>\n<p>In unmittelbarer N\u00e4he zu den Kundenwerken und der Autobahn A3 gelegen, bietet der Standort ideale Voraussetzungen f\u00fcr integrierte Logistikdienstleistungen. Neben der Steuerung der getakteten <a href=\"https:\/\/www.schaeflein.de\/logistikloesungen.html?p=InboundLogistik\">Produktionsversorgung<\/a> \u00fcbernimmt Sch\u00e4flein f\u00fcr seine Kunden das <a href=\"https:\/\/www.schaeflein.de\/behaelterlogistik.html\">Beh\u00e4ltermanagement<\/a> inklusive Reinigung. Des Weiteren kommissionieren und verpacken die Mitarbeiterinnen und Mitarbeiter Fertigwaren im Rahmen der <a href=\"https:\/\/www.schaeflein.de\/logistikloesungen.html?p=OutboundLogistik\">Distributionslogistik<\/a> und organisieren den weltweiten Versand.<\/p>\n<p>Located in the immediate vicinity of the customer plants and the A3 motorway, the site offers ideal conditions for integrated logistics services. In addition to managing the synchronised <a href=\"https:\/\/www.schaeflein.de\/en\/logistics-solutions\">production supply<\/a>, Sch\u00e4flein also takes care of <a href=\"https:\/\/www.schaeflein.de\/en\/container-logistics\">container management<\/a>, including cleaning, for its customers. Furthermore, the employees pick and pack finished goods as part of <a href=\"https:\/\/www.schaeflein.de\/en\/logistics-solutions\">distribution logistics<\/a> and organise worldwide shipping.<\/p>\n<div id=\"attachment_7762\" style=\"width: 310px\" class=\"wp-caption alignleft\"><img loading=\"lazy\" decoding=\"async\" aria-describedby=\"caption-attachment-7762\" class=\"size-medium wp-image-7762\" src=\"https:\/\/www.schaeflein.de\/wp-content\/uploads\/Sch\u00e4flein-baut-Logistikzentrum-in-Marktheidenfeld-300x159.jpg\" alt=\"Baustelle in Marktheidenfeld\" width=\"300\" height=\"159\" srcset=\"https:\/\/www.schaeflein.de\/wp-content\/uploads\/Sch\u00e4flein-baut-Logistikzentrum-in-Marktheidenfeld-300x159.jpg 300w, https:\/\/www.schaeflein.de\/wp-content\/uploads\/Sch\u00e4flein-baut-Logistikzentrum-in-Marktheidenfeld-280x149.jpg 280w, https:\/\/www.schaeflein.de\/wp-content\/uploads\/Sch\u00e4flein-baut-Logistikzentrum-in-Marktheidenfeld.jpg 450w\" sizes=\"auto, (max-width: 300px) 100vw, 300px\" \/><p id=\"caption-attachment-7762\" class=\"wp-caption-text\">Construction work in Marktheidenfeld is in full swing.<\/p><\/div>\n","protected":false},"excerpt":{"rendered":"<p>The Sch\u00e4flein Group is expanding its network of locations in Mainfranken: the Lower Franconian transport and logistics service provider is developing a multi-user logistics centre in Marktheidenfeld near W\u00fcrzburg and is investing ten million euros in the project. The 15,000 square metre logistics platform is scheduled for completion in the second quarter of 2021. The [&hellip;]<\/p>\n","protected":false},"author":16,"featured_media":7763,"comment_status":"closed","ping_status":"closed","sticky":false,"template":"","format":"standard","meta":{"_acf_changed":false,"footnotes":""},"categories":[],"tags":[],"class_list":["post-13092","post","type-post","status-publish","format-standard","has-post-thumbnail","hentry"],"acf":[],"yoast_head":"<!-- This site is optimized with the Yoast SEO plugin v26.6 - https:\/\/yoast.com\/wordpress\/plugins\/seo\/ -->\n<title>Sch\u00e4flein builds new logistics centre in Marktheidenfeld | Sch\u00e4flein<\/title>\n<meta name=\"description\" content=\"Sch\u00e4flein expands in Mainfranken with a \u20ac10M multi-user logistics center in Marktheidenfeld, set for completion in Q2 2021.\" \/>\n<meta name=\"robots\" content=\"index, follow, max-snippet:-1, max-image-preview:large, max-video-preview:-1\" \/>\n<link rel=\"canonical\" href=\"https:\/\/www.schaeflein.de\/en\/schaeflein-builds-new-logistics-centre-in-marktheidenfeld.html\" \/>\n<meta name=\"twitter:label1\" content=\"Written by\" \/>\n\t<meta name=\"twitter:data1\" content=\"schaeflein\" \/>\n\t<meta name=\"twitter:label2\" content=\"Est. reading time\" \/>\n\t<meta name=\"twitter:data2\" content=\"2 minutes\" \/>\n<script type=\"application\/ld+json\" class=\"yoast-schema-graph\">{\"@context\":\"https:\/\/schema.org\",\"@graph\":[{\"@type\":\"WebPage\",\"@id\":\"https:\/\/www.schaeflein.de\/en\/schaeflein-builds-new-logistics-centre-in-marktheidenfeld.html\",\"url\":\"https:\/\/www.schaeflein.de\/en\/schaeflein-builds-new-logistics-centre-in-marktheidenfeld.html\",\"name\":\"Sch\u00e4flein builds new logistics centre in Marktheidenfeld | Sch\u00e4flein\",\"isPartOf\":{\"@id\":\"https:\/\/www.schaeflein.de\/#website\"},\"primaryImageOfPage\":{\"@id\":\"https:\/\/www.schaeflein.de\/en\/schaeflein-builds-new-logistics-centre-in-marktheidenfeld.html#primaryimage\"},\"image\":{\"@id\":\"https:\/\/www.schaeflein.de\/en\/schaeflein-builds-new-logistics-centre-in-marktheidenfeld.html#primaryimage\"},\"thumbnailUrl\":\"https:\/\/www.schaeflein.de\/wp-content\/uploads\/Sch\u00e4flein-baut-Logistikzentrum-in-Marktheidenfeld.jpg\",\"datePublished\":\"2020-09-14T09:48:10+00:00\",\"dateModified\":\"2025-02-17T10:52:43+00:00\",\"author\":{\"@id\":\"https:\/\/www.schaeflein.de\/#\/schema\/person\/1f37b1e80ad86a3fcfd2b12d76be27f7\"},\"description\":\"Sch\u00e4flein expands in Mainfranken with a \u20ac10M multi-user logistics center in Marktheidenfeld, set for completion in Q2 2021.\",\"breadcrumb\":{\"@id\":\"https:\/\/www.schaeflein.de\/en\/schaeflein-builds-new-logistics-centre-in-marktheidenfeld.html#breadcrumb\"},\"inLanguage\":\"en-US\",\"potentialAction\":[{\"@type\":\"ReadAction\",\"target\":[\"https:\/\/www.schaeflein.de\/en\/schaeflein-builds-new-logistics-centre-in-marktheidenfeld.html\"]}]},{\"@type\":\"ImageObject\",\"inLanguage\":\"en-US\",\"@id\":\"https:\/\/www.schaeflein.de\/en\/schaeflein-builds-new-logistics-centre-in-marktheidenfeld.html#primaryimage\",\"url\":\"https:\/\/www.schaeflein.de\/wp-content\/uploads\/Sch\u00e4flein-baut-Logistikzentrum-in-Marktheidenfeld.jpg\",\"contentUrl\":\"https:\/\/www.schaeflein.de\/wp-content\/uploads\/Sch\u00e4flein-baut-Logistikzentrum-in-Marktheidenfeld.jpg\",\"width\":450,\"height\":239,\"caption\":\"Die Bauarbeiten in Marktheidenfeld laufen auf Hochtouren.\"},{\"@type\":\"BreadcrumbList\",\"@id\":\"https:\/\/www.schaeflein.de\/en\/schaeflein-builds-new-logistics-centre-in-marktheidenfeld.html#breadcrumb\",\"itemListElement\":[{\"@type\":\"ListItem\",\"position\":1,\"name\":\"Home\",\"item\":\"https:\/\/www.schaeflein.de\/en\"},{\"@type\":\"ListItem\",\"position\":2,\"name\":\"Sch\u00e4flein builds new logistics centre in Marktheidenfeld\"}]},{\"@type\":\"WebSite\",\"@id\":\"https:\/\/www.schaeflein.de\/#website\",\"url\":\"https:\/\/www.schaeflein.de\/\",\"name\":\"Sch\u00e4flein\",\"description\":\"\",\"potentialAction\":[{\"@type\":\"SearchAction\",\"target\":{\"@type\":\"EntryPoint\",\"urlTemplate\":\"https:\/\/www.schaeflein.de\/?s={search_term_string}\"},\"query-input\":{\"@type\":\"PropertyValueSpecification\",\"valueRequired\":true,\"valueName\":\"search_term_string\"}}],\"inLanguage\":\"en-US\"},{\"@type\":\"Person\",\"@id\":\"https:\/\/www.schaeflein.de\/#\/schema\/person\/1f37b1e80ad86a3fcfd2b12d76be27f7\",\"name\":\"schaeflein\",\"image\":{\"@type\":\"ImageObject\",\"inLanguage\":\"en-US\",\"@id\":\"https:\/\/www.schaeflein.de\/#\/schema\/person\/image\/\",\"url\":\"https:\/\/secure.gravatar.com\/avatar\/133b720f63126f53b3ed249e43296244e1bef9afbe6626912327386582051796?s=96&d=mm&r=g\",\"contentUrl\":\"https:\/\/secure.gravatar.com\/avatar\/133b720f63126f53b3ed249e43296244e1bef9afbe6626912327386582051796?s=96&d=mm&r=g\",\"caption\":\"schaeflein\"}}]}<\/script>\n<!-- \/ Yoast SEO plugin. -->","yoast_head_json":{"title":"Sch\u00e4flein builds new logistics centre in Marktheidenfeld | Sch\u00e4flein","description":"Sch\u00e4flein expands in Mainfranken with a \u20ac10M multi-user logistics center in Marktheidenfeld, set for completion in Q2 2021.","robots":{"index":"index","follow":"follow","max-snippet":"max-snippet:-1","max-image-preview":"max-image-preview:large","max-video-preview":"max-video-preview:-1"},"canonical":"https:\/\/www.schaeflein.de\/en\/schaeflein-builds-new-logistics-centre-in-marktheidenfeld.html","twitter_misc":{"Written by":"schaeflein","Est. reading time":"2 minutes"},"schema":{"@context":"https:\/\/schema.org","@graph":[{"@type":"WebPage","@id":"https:\/\/www.schaeflein.de\/en\/schaeflein-builds-new-logistics-centre-in-marktheidenfeld.html","url":"https:\/\/www.schaeflein.de\/en\/schaeflein-builds-new-logistics-centre-in-marktheidenfeld.html","name":"Sch\u00e4flein builds new logistics centre in Marktheidenfeld | Sch\u00e4flein","isPartOf":{"@id":"https:\/\/www.schaeflein.de\/#website"},"primaryImageOfPage":{"@id":"https:\/\/www.schaeflein.de\/en\/schaeflein-builds-new-logistics-centre-in-marktheidenfeld.html#primaryimage"},"image":{"@id":"https:\/\/www.schaeflein.de\/en\/schaeflein-builds-new-logistics-centre-in-marktheidenfeld.html#primaryimage"},"thumbnailUrl":"https:\/\/www.schaeflein.de\/wp-content\/uploads\/Sch\u00e4flein-baut-Logistikzentrum-in-Marktheidenfeld.jpg","datePublished":"2020-09-14T09:48:10+00:00","dateModified":"2025-02-17T10:52:43+00:00","author":{"@id":"https:\/\/www.schaeflein.de\/#\/schema\/person\/1f37b1e80ad86a3fcfd2b12d76be27f7"},"description":"Sch\u00e4flein expands in Mainfranken with a \u20ac10M multi-user logistics center in Marktheidenfeld, set for completion in Q2 2021.","breadcrumb":{"@id":"https:\/\/www.schaeflein.de\/en\/schaeflein-builds-new-logistics-centre-in-marktheidenfeld.html#breadcrumb"},"inLanguage":"en-US","potentialAction":[{"@type":"ReadAction","target":["https:\/\/www.schaeflein.de\/en\/schaeflein-builds-new-logistics-centre-in-marktheidenfeld.html"]}]},{"@type":"ImageObject","inLanguage":"en-US","@id":"https:\/\/www.schaeflein.de\/en\/schaeflein-builds-new-logistics-centre-in-marktheidenfeld.html#primaryimage","url":"https:\/\/www.schaeflein.de\/wp-content\/uploads\/Sch\u00e4flein-baut-Logistikzentrum-in-Marktheidenfeld.jpg","contentUrl":"https:\/\/www.schaeflein.de\/wp-content\/uploads\/Sch\u00e4flein-baut-Logistikzentrum-in-Marktheidenfeld.jpg","width":450,"height":239,"caption":"Die Bauarbeiten in Marktheidenfeld laufen auf Hochtouren."},{"@type":"BreadcrumbList","@id":"https:\/\/www.schaeflein.de\/en\/schaeflein-builds-new-logistics-centre-in-marktheidenfeld.html#breadcrumb","itemListElement":[{"@type":"ListItem","position":1,"name":"Home","item":"https:\/\/www.schaeflein.de\/en"},{"@type":"ListItem","position":2,"name":"Sch\u00e4flein builds new logistics centre in Marktheidenfeld"}]},{"@type":"WebSite","@id":"https:\/\/www.schaeflein.de\/#website","url":"https:\/\/www.schaeflein.de\/","name":"Sch\u00e4flein","description":"","potentialAction":[{"@type":"SearchAction","target":{"@type":"EntryPoint","urlTemplate":"https:\/\/www.schaeflein.de\/?s={search_term_string}"},"query-input":{"@type":"PropertyValueSpecification","valueRequired":true,"valueName":"search_term_string"}}],"inLanguage":"en-US"},{"@type":"Person","@id":"https:\/\/www.schaeflein.de\/#\/schema\/person\/1f37b1e80ad86a3fcfd2b12d76be27f7","name":"schaeflein","image":{"@type":"ImageObject","inLanguage":"en-US","@id":"https:\/\/www.schaeflein.de\/#\/schema\/person\/image\/","url":"https:\/\/secure.gravatar.com\/avatar\/133b720f63126f53b3ed249e43296244e1bef9afbe6626912327386582051796?s=96&d=mm&r=g","contentUrl":"https:\/\/secure.gravatar.com\/avatar\/133b720f63126f53b3ed249e43296244e1bef9afbe6626912327386582051796?s=96&d=mm&r=g","caption":"schaeflein"}}]}},"_links":{"self":[{"href":"https:\/\/www.schaeflein.de\/en\/wp-json\/wp\/v2\/posts\/13092","targetHints":{"allow":["GET"]}}],"collection":[{"href":"https:\/\/www.schaeflein.de\/en\/wp-json\/wp\/v2\/posts"}],"about":[{"href":"https:\/\/www.schaeflein.de\/en\/wp-json\/wp\/v2\/types\/post"}],"author":[{"embeddable":true,"href":"https:\/\/www.schaeflein.de\/en\/wp-json\/wp\/v2\/users\/16"}],"replies":[{"embeddable":true,"href":"https:\/\/www.schaeflein.de\/en\/wp-json\/wp\/v2\/comments?post=13092"}],"version-history":[{"count":1,"href":"https:\/\/www.schaeflein.de\/en\/wp-json\/wp\/v2\/posts\/13092\/revisions"}],"predecessor-version":[{"id":13094,"href":"https:\/\/www.schaeflein.de\/en\/wp-json\/wp\/v2\/posts\/13092\/revisions\/13094"}],"wp:featuredmedia":[{"embeddable":true,"href":"https:\/\/www.schaeflein.de\/en\/wp-json\/wp\/v2\/media\/7763"}],"wp:attachment":[{"href":"https:\/\/www.schaeflein.de\/en\/wp-json\/wp\/v2\/media?parent=13092"}],"wp:term":[{"taxonomy":"category","embeddable":true,"href":"https:\/\/www.schaeflein.de\/en\/wp-json\/wp\/v2\/categories?post=13092"},{"taxonomy":"post_tag","embeddable":true,"href":"https:\/\/www.schaeflein.de\/en\/wp-json\/wp\/v2\/tags?post=13092"}],"curies":[{"name":"wp","href":"https:\/\/api.w.org\/{rel}","templated":true}]}}