{"id":13114,"date":"2020-02-19T12:24:00","date_gmt":"2020-02-19T11:24:00","guid":{"rendered":"https:\/\/www.schaeflein.de\/?p=13114"},"modified":"2025-02-17T12:25:42","modified_gmt":"2025-02-17T11:25:42","slug":"schaeflein-buys-gerhardt-transport-site","status":"publish","type":"post","link":"https:\/\/www.schaeflein.de\/en\/schaeflein-buys-gerhardt-transport-site.html","title":{"rendered":"Sch\u00e4flein buys Gerhardt Transport site"},"content":{"rendered":"<p><strong>The Sch\u00e4flein Group continues to grow: the transport and logistics company has secured the former Gerhardt Transport GmbH site in the R\u00f6thlein industrial estate. By the middle of the year, Sch\u00e4flein will relocate its commercial vehicle workshop from the previous site in Schwebheim to the new location.<\/strong><\/p>\n<p>The approximately 30,000 square metre site directly opposite Sch\u00e4flein AG&#8217;s headquarters offers Sch\u00e4flein Nutzfahrzeug-Service GmbH ideal conditions for operating its IVECO authorised workshop. The site has sufficient parking space for service and repair vehicles, a car wash and its own petrol station. It is also equipped with a high-quality workshop building including modern diagnostic stations, a brake test stand and a light and exhaust gas test facility.<\/p>\n<h3 class=\"\">Comprehensive service<\/h3>\n<p>The Sch\u00e4flein commercial vehicle workshop offers an all-round service for trucks, vans, buses and municipal vehicles of all makes. The portfolio includes statutory tests such as exhaust emission tests (AU), general inspections (HU), UVV tests, tachograph tests, brake tests and safety tests (SP). Other services include tyre and air conditioning servicing as well as repairs of all kinds, from minor bodywork damage to complete accident and bodywork repairs. Only original spare parts are used. The workshop is affiliated with a spare parts trade, a trade for new and used IVECO brand vehicles and a hire service for trucks, semi-trailers and trailers. A 24\/7 service with a mobile workshop van is also planned.<\/p>\n<p>&#8220;We are very pleased that we have been able to create capacity for the further growth of Sch\u00e4flein Nutzfahrzeug-Service GmbH with the new location,&#8221; says Achim Sch\u00e4flein, CEO of Sch\u00e4flein AG, about the investment.<\/p>\n<p>The previous 10,500 square metre site of the Sch\u00e4flein commercial vehicle workshop in Moritz-Fischer-Stra\u00dfe in Schwebheim was sold to the municipality of Schwebheim.<\/p>\n<div id=\"attachment_7215\" style=\"width: 310px\" class=\"wp-caption alignleft\"><img loading=\"lazy\" decoding=\"async\" aria-describedby=\"caption-attachment-7215\" class=\"size-medium wp-image-7215\" src=\"https:\/\/www.schaeflein.de\/wp-content\/uploads\/Sch\u00e4flein-kauft-Gerhardt-Gel\u00e4nde-f\u00fcr-Nutzfahrzeugwerkstatt-300x200.jpg\" alt=\"Sch\u00e4flein kauft Gerhardt-Gel\u00e4nde\" width=\"300\" height=\"200\" srcset=\"https:\/\/www.schaeflein.de\/wp-content\/uploads\/Sch\u00e4flein-kauft-Gerhardt-Gel\u00e4nde-f\u00fcr-Nutzfahrzeugwerkstatt-300x200.jpg 300w, https:\/\/www.schaeflein.de\/wp-content\/uploads\/Sch\u00e4flein-kauft-Gerhardt-Gel\u00e4nde-f\u00fcr-Nutzfahrzeugwerkstatt-768x512.jpg 768w, https:\/\/www.schaeflein.de\/wp-content\/uploads\/Sch\u00e4flein-kauft-Gerhardt-Gel\u00e4nde-f\u00fcr-Nutzfahrzeugwerkstatt-1024x683.jpg 1024w, https:\/\/www.schaeflein.de\/wp-content\/uploads\/Sch\u00e4flein-kauft-Gerhardt-Gel\u00e4nde-f\u00fcr-Nutzfahrzeugwerkstatt-280x187.jpg 280w, https:\/\/www.schaeflein.de\/wp-content\/uploads\/Sch\u00e4flein-kauft-Gerhardt-Gel\u00e4nde-f\u00fcr-Nutzfahrzeugwerkstatt.jpg 1620w\" sizes=\"auto, (max-width: 300px) 100vw, 300px\" \/><p id=\"caption-attachment-7215\" class=\"wp-caption-text\">Growth at the main site: The Sch\u00e4flein Group buys the Gerhardt site and will operate its commercial vehicle workshop there from mid-2020.<\/p><\/div>\n","protected":false},"excerpt":{"rendered":"<p>The Sch\u00e4flein Group continues to grow: the transport and logistics company has secured the former Gerhardt Transport GmbH site in the R\u00f6thlein industrial estate. By the middle of the year, Sch\u00e4flein will relocate its commercial vehicle workshop from the previous site in Schwebheim to the new location. The approximately 30,000 square metre site directly opposite [&hellip;]<\/p>\n","protected":false},"author":16,"featured_media":7216,"comment_status":"closed","ping_status":"closed","sticky":false,"template":"","format":"standard","meta":{"_acf_changed":false,"footnotes":""},"categories":[],"tags":[],"class_list":["post-13114","post","type-post","status-publish","format-standard","has-post-thumbnail","hentry"],"acf":[],"yoast_head":"<!-- This site is optimized with the Yoast SEO plugin v26.6 - https:\/\/yoast.com\/wordpress\/plugins\/seo\/ -->\n<title>Sch\u00e4flein buys Gerhardt Transport site | Sch\u00e4flein<\/title>\n<meta name=\"description\" content=\"The Sch\u00e4flein Group expands, securing the former Gerhardt Transport site in R\u00f6thlein. The commercial vehicle workshop will relocate there.\" \/>\n<meta name=\"robots\" content=\"index, follow, max-snippet:-1, max-image-preview:large, max-video-preview:-1\" \/>\n<link rel=\"canonical\" href=\"https:\/\/www.schaeflein.de\/en\/schaeflein-buys-gerhardt-transport-site.html\" \/>\n<meta name=\"twitter:label1\" content=\"Written by\" \/>\n\t<meta name=\"twitter:data1\" content=\"schaeflein\" \/>\n\t<meta name=\"twitter:label2\" content=\"Est. reading time\" \/>\n\t<meta name=\"twitter:data2\" content=\"2 minutes\" \/>\n<script type=\"application\/ld+json\" class=\"yoast-schema-graph\">{\"@context\":\"https:\/\/schema.org\",\"@graph\":[{\"@type\":\"WebPage\",\"@id\":\"https:\/\/www.schaeflein.de\/en\/schaeflein-buys-gerhardt-transport-site.html\",\"url\":\"https:\/\/www.schaeflein.de\/en\/schaeflein-buys-gerhardt-transport-site.html\",\"name\":\"Sch\u00e4flein buys Gerhardt Transport site | Sch\u00e4flein\",\"isPartOf\":{\"@id\":\"https:\/\/www.schaeflein.de\/#website\"},\"primaryImageOfPage\":{\"@id\":\"https:\/\/www.schaeflein.de\/en\/schaeflein-buys-gerhardt-transport-site.html#primaryimage\"},\"image\":{\"@id\":\"https:\/\/www.schaeflein.de\/en\/schaeflein-buys-gerhardt-transport-site.html#primaryimage\"},\"thumbnailUrl\":\"https:\/\/www.schaeflein.de\/wp-content\/uploads\/Sch\u00e4flein-kauft-Gerhardt-Gel\u00e4nde-f\u00fcr-Nutzfahrzeugwerkstatt.jpg\",\"datePublished\":\"2020-02-19T11:24:00+00:00\",\"dateModified\":\"2025-02-17T11:25:42+00:00\",\"author\":{\"@id\":\"https:\/\/www.schaeflein.de\/#\/schema\/person\/1f37b1e80ad86a3fcfd2b12d76be27f7\"},\"description\":\"The Sch\u00e4flein Group expands, securing the former Gerhardt Transport site in R\u00f6thlein. The commercial vehicle workshop will relocate there.\",\"breadcrumb\":{\"@id\":\"https:\/\/www.schaeflein.de\/en\/schaeflein-buys-gerhardt-transport-site.html#breadcrumb\"},\"inLanguage\":\"en-US\",\"potentialAction\":[{\"@type\":\"ReadAction\",\"target\":[\"https:\/\/www.schaeflein.de\/en\/schaeflein-buys-gerhardt-transport-site.html\"]}]},{\"@type\":\"ImageObject\",\"inLanguage\":\"en-US\",\"@id\":\"https:\/\/www.schaeflein.de\/en\/schaeflein-buys-gerhardt-transport-site.html#primaryimage\",\"url\":\"https:\/\/www.schaeflein.de\/wp-content\/uploads\/Sch\u00e4flein-kauft-Gerhardt-Gel\u00e4nde-f\u00fcr-Nutzfahrzeugwerkstatt.jpg\",\"contentUrl\":\"https:\/\/www.schaeflein.de\/wp-content\/uploads\/Sch\u00e4flein-kauft-Gerhardt-Gel\u00e4nde-f\u00fcr-Nutzfahrzeugwerkstatt.jpg\",\"width\":1620,\"height\":1080,\"caption\":\"Wachstum am Hauptstandort: Die Sch\u00e4flein-Gruppe kauft das Gerhardt-Gel\u00e4nde und betreibt dort ab Mitte 2020 ihre Nutzfahrzeugwerkstatt\"},{\"@type\":\"BreadcrumbList\",\"@id\":\"https:\/\/www.schaeflein.de\/en\/schaeflein-buys-gerhardt-transport-site.html#breadcrumb\",\"itemListElement\":[{\"@type\":\"ListItem\",\"position\":1,\"name\":\"Home\",\"item\":\"https:\/\/www.schaeflein.de\/en\"},{\"@type\":\"ListItem\",\"position\":2,\"name\":\"Sch\u00e4flein buys Gerhardt Transport site\"}]},{\"@type\":\"WebSite\",\"@id\":\"https:\/\/www.schaeflein.de\/#website\",\"url\":\"https:\/\/www.schaeflein.de\/\",\"name\":\"Sch\u00e4flein\",\"description\":\"\",\"potentialAction\":[{\"@type\":\"SearchAction\",\"target\":{\"@type\":\"EntryPoint\",\"urlTemplate\":\"https:\/\/www.schaeflein.de\/?s={search_term_string}\"},\"query-input\":{\"@type\":\"PropertyValueSpecification\",\"valueRequired\":true,\"valueName\":\"search_term_string\"}}],\"inLanguage\":\"en-US\"},{\"@type\":\"Person\",\"@id\":\"https:\/\/www.schaeflein.de\/#\/schema\/person\/1f37b1e80ad86a3fcfd2b12d76be27f7\",\"name\":\"schaeflein\",\"image\":{\"@type\":\"ImageObject\",\"inLanguage\":\"en-US\",\"@id\":\"https:\/\/www.schaeflein.de\/#\/schema\/person\/image\/\",\"url\":\"https:\/\/secure.gravatar.com\/avatar\/133b720f63126f53b3ed249e43296244e1bef9afbe6626912327386582051796?s=96&d=mm&r=g\",\"contentUrl\":\"https:\/\/secure.gravatar.com\/avatar\/133b720f63126f53b3ed249e43296244e1bef9afbe6626912327386582051796?s=96&d=mm&r=g\",\"caption\":\"schaeflein\"}}]}<\/script>\n<!-- \/ Yoast SEO plugin. -->","yoast_head_json":{"title":"Sch\u00e4flein buys Gerhardt Transport site | Sch\u00e4flein","description":"The Sch\u00e4flein Group expands, securing the former Gerhardt Transport site in R\u00f6thlein. The commercial vehicle workshop will relocate there.","robots":{"index":"index","follow":"follow","max-snippet":"max-snippet:-1","max-image-preview":"max-image-preview:large","max-video-preview":"max-video-preview:-1"},"canonical":"https:\/\/www.schaeflein.de\/en\/schaeflein-buys-gerhardt-transport-site.html","twitter_misc":{"Written by":"schaeflein","Est. reading time":"2 minutes"},"schema":{"@context":"https:\/\/schema.org","@graph":[{"@type":"WebPage","@id":"https:\/\/www.schaeflein.de\/en\/schaeflein-buys-gerhardt-transport-site.html","url":"https:\/\/www.schaeflein.de\/en\/schaeflein-buys-gerhardt-transport-site.html","name":"Sch\u00e4flein buys Gerhardt Transport site | Sch\u00e4flein","isPartOf":{"@id":"https:\/\/www.schaeflein.de\/#website"},"primaryImageOfPage":{"@id":"https:\/\/www.schaeflein.de\/en\/schaeflein-buys-gerhardt-transport-site.html#primaryimage"},"image":{"@id":"https:\/\/www.schaeflein.de\/en\/schaeflein-buys-gerhardt-transport-site.html#primaryimage"},"thumbnailUrl":"https:\/\/www.schaeflein.de\/wp-content\/uploads\/Sch\u00e4flein-kauft-Gerhardt-Gel\u00e4nde-f\u00fcr-Nutzfahrzeugwerkstatt.jpg","datePublished":"2020-02-19T11:24:00+00:00","dateModified":"2025-02-17T11:25:42+00:00","author":{"@id":"https:\/\/www.schaeflein.de\/#\/schema\/person\/1f37b1e80ad86a3fcfd2b12d76be27f7"},"description":"The Sch\u00e4flein Group expands, securing the former Gerhardt Transport site in R\u00f6thlein. The commercial vehicle workshop will relocate there.","breadcrumb":{"@id":"https:\/\/www.schaeflein.de\/en\/schaeflein-buys-gerhardt-transport-site.html#breadcrumb"},"inLanguage":"en-US","potentialAction":[{"@type":"ReadAction","target":["https:\/\/www.schaeflein.de\/en\/schaeflein-buys-gerhardt-transport-site.html"]}]},{"@type":"ImageObject","inLanguage":"en-US","@id":"https:\/\/www.schaeflein.de\/en\/schaeflein-buys-gerhardt-transport-site.html#primaryimage","url":"https:\/\/www.schaeflein.de\/wp-content\/uploads\/Sch\u00e4flein-kauft-Gerhardt-Gel\u00e4nde-f\u00fcr-Nutzfahrzeugwerkstatt.jpg","contentUrl":"https:\/\/www.schaeflein.de\/wp-content\/uploads\/Sch\u00e4flein-kauft-Gerhardt-Gel\u00e4nde-f\u00fcr-Nutzfahrzeugwerkstatt.jpg","width":1620,"height":1080,"caption":"Wachstum am Hauptstandort: Die Sch\u00e4flein-Gruppe kauft das Gerhardt-Gel\u00e4nde und betreibt dort ab Mitte 2020 ihre Nutzfahrzeugwerkstatt"},{"@type":"BreadcrumbList","@id":"https:\/\/www.schaeflein.de\/en\/schaeflein-buys-gerhardt-transport-site.html#breadcrumb","itemListElement":[{"@type":"ListItem","position":1,"name":"Home","item":"https:\/\/www.schaeflein.de\/en"},{"@type":"ListItem","position":2,"name":"Sch\u00e4flein buys Gerhardt Transport site"}]},{"@type":"WebSite","@id":"https:\/\/www.schaeflein.de\/#website","url":"https:\/\/www.schaeflein.de\/","name":"Sch\u00e4flein","description":"","potentialAction":[{"@type":"SearchAction","target":{"@type":"EntryPoint","urlTemplate":"https:\/\/www.schaeflein.de\/?s={search_term_string}"},"query-input":{"@type":"PropertyValueSpecification","valueRequired":true,"valueName":"search_term_string"}}],"inLanguage":"en-US"},{"@type":"Person","@id":"https:\/\/www.schaeflein.de\/#\/schema\/person\/1f37b1e80ad86a3fcfd2b12d76be27f7","name":"schaeflein","image":{"@type":"ImageObject","inLanguage":"en-US","@id":"https:\/\/www.schaeflein.de\/#\/schema\/person\/image\/","url":"https:\/\/secure.gravatar.com\/avatar\/133b720f63126f53b3ed249e43296244e1bef9afbe6626912327386582051796?s=96&d=mm&r=g","contentUrl":"https:\/\/secure.gravatar.com\/avatar\/133b720f63126f53b3ed249e43296244e1bef9afbe6626912327386582051796?s=96&d=mm&r=g","caption":"schaeflein"}}]}},"_links":{"self":[{"href":"https:\/\/www.schaeflein.de\/en\/wp-json\/wp\/v2\/posts\/13114","targetHints":{"allow":["GET"]}}],"collection":[{"href":"https:\/\/www.schaeflein.de\/en\/wp-json\/wp\/v2\/posts"}],"about":[{"href":"https:\/\/www.schaeflein.de\/en\/wp-json\/wp\/v2\/types\/post"}],"author":[{"embeddable":true,"href":"https:\/\/www.schaeflein.de\/en\/wp-json\/wp\/v2\/users\/16"}],"replies":[{"embeddable":true,"href":"https:\/\/www.schaeflein.de\/en\/wp-json\/wp\/v2\/comments?post=13114"}],"version-history":[{"count":1,"href":"https:\/\/www.schaeflein.de\/en\/wp-json\/wp\/v2\/posts\/13114\/revisions"}],"predecessor-version":[{"id":13115,"href":"https:\/\/www.schaeflein.de\/en\/wp-json\/wp\/v2\/posts\/13114\/revisions\/13115"}],"wp:featuredmedia":[{"embeddable":true,"href":"https:\/\/www.schaeflein.de\/en\/wp-json\/wp\/v2\/media\/7216"}],"wp:attachment":[{"href":"https:\/\/www.schaeflein.de\/en\/wp-json\/wp\/v2\/media?parent=13114"}],"wp:term":[{"taxonomy":"category","embeddable":true,"href":"https:\/\/www.schaeflein.de\/en\/wp-json\/wp\/v2\/categories?post=13114"},{"taxonomy":"post_tag","embeddable":true,"href":"https:\/\/www.schaeflein.de\/en\/wp-json\/wp\/v2\/tags?post=13114"}],"curies":[{"name":"wp","href":"https:\/\/api.w.org\/{rel}","templated":true}]}}