{"id":13136,"date":"2019-08-06T12:57:27","date_gmt":"2019-08-06T10:57:27","guid":{"rendered":"https:\/\/www.schaeflein.de\/?p=13136"},"modified":"2025-02-17T12:59:11","modified_gmt":"2025-02-17T11:59:11","slug":"schaeflein-celebrates-its-80th-anniversary-with-a-big-staff-and-family-party-in-grettstadt","status":"publish","type":"post","link":"https:\/\/www.schaeflein.de\/en\/schaeflein-celebrates-its-80th-anniversary-with-a-big-staff-and-family-party-in-grettstadt.html","title":{"rendered":"Sch\u00e4flein celebrates its 80th anniversary with a big staff and family party in Grettstadt"},"content":{"rendered":"<p>R\u00f6thlein\/Grettstadt &#8211; 80 years of growth and no end in sight. That was the tenor of the big Sch\u00e4flein anniversary celebration last weekend. The company had invited friends and employees with their families to celebrate the company&#8217;s birthday in style. 1,500 people gathered at the festival site in Grettstadt on Saturday, 3 August 2019 to toast the success of the transport and logistics company. There have been plenty of reasons to celebrate in the past and this is how it should remain in the future. There seems to be no limit to Sch\u00e4flein&#8217;s growth. Founded in 1939 by Alfons Ludwig Sch\u00e4flein, the transport company started out with three tractor units. Today, more than 1,650 employees work at 25 locations in Germany, Austria and Poland for the logistics service provider, which continues to grow steadily. This year alone, three new locations are being built or have recently gone live: in Leipzig, Berlin and at the R\u00f6thlein headquarters. A new European distribution centre is being built here, which will increase the company&#8217;s total logistics space by 25,000 m\u00b2 to 300,000 m\u00b2. CEO Achim Sch\u00e4flein proudly reported to the guests on the current projects and is convinced that the number of employees will steadily increase, if not double, in the coming years. As in the past, he would like to thank his employees: &#8220;We couldn&#8217;t have done it without you!&#8221;<\/p>\n<div id=\"attachment_6948\" style=\"width: 310px\" class=\"wp-caption alignnone\"><img loading=\"lazy\" decoding=\"async\" aria-describedby=\"caption-attachment-6948\" class=\"size-medium wp-image-6948\" src=\"https:\/\/www.schaeflein.de\/wp-content\/uploads\/2019_08_05_Sch\u00e4flein-Jubil\u00e4um-Festivalgel\u00e4nde-300x200.jpg\" alt=\"\" width=\"300\" height=\"200\" srcset=\"https:\/\/www.schaeflein.de\/wp-content\/uploads\/2019_08_05_Sch\u00e4flein-Jubil\u00e4um-Festivalgel\u00e4nde-300x200.jpg 300w, https:\/\/www.schaeflein.de\/wp-content\/uploads\/2019_08_05_Sch\u00e4flein-Jubil\u00e4um-Festivalgel\u00e4nde-768x512.jpg 768w, https:\/\/www.schaeflein.de\/wp-content\/uploads\/2019_08_05_Sch\u00e4flein-Jubil\u00e4um-Festivalgel\u00e4nde-1024x683.jpg 1024w, https:\/\/www.schaeflein.de\/wp-content\/uploads\/2019_08_05_Sch\u00e4flein-Jubil\u00e4um-Festivalgel\u00e4nde-280x187.jpg 280w, https:\/\/www.schaeflein.de\/wp-content\/uploads\/2019_08_05_Sch\u00e4flein-Jubil\u00e4um-Festivalgel\u00e4nde.jpg 1500w\" sizes=\"auto, (max-width: 300px) 100vw, 300px\" \/><p id=\"caption-attachment-6948\" class=\"wp-caption-text\">in the picture: A view of the Sch\u00e4flein festival site<\/p><\/div>\n<p>&nbsp;<\/p>\n<p>&nbsp;<\/p>\n","protected":false},"excerpt":{"rendered":"<p>R\u00f6thlein\/Grettstadt &#8211; 80 years of growth and no end in sight. That was the tenor of the big Sch\u00e4flein anniversary celebration last weekend. The company had invited friends and employees with their families to celebrate the company&#8217;s birthday in style. 1,500 people gathered at the festival site in Grettstadt on Saturday, 3 August 2019 to [&hellip;]<\/p>\n","protected":false},"author":16,"featured_media":6949,"comment_status":"closed","ping_status":"closed","sticky":false,"template":"","format":"standard","meta":{"_acf_changed":false,"footnotes":""},"categories":[],"tags":[],"class_list":["post-13136","post","type-post","status-publish","format-standard","has-post-thumbnail","hentry"],"acf":[],"yoast_head":"<!-- This site is optimized with the Yoast SEO plugin v26.6 - https:\/\/yoast.com\/wordpress\/plugins\/seo\/ -->\n<title>Sch\u00e4flein celebrates its 80th anniversary | Sch\u00e4flein<\/title>\n<meta name=\"description\" content=\"80 years of growth and no end in sight. That was the tenor of the big Sch\u00e4flein anniversary celebration last weekend.\" \/>\n<meta name=\"robots\" content=\"index, follow, max-snippet:-1, max-image-preview:large, max-video-preview:-1\" \/>\n<link rel=\"canonical\" href=\"https:\/\/www.schaeflein.de\/en\/schaeflein-celebrates-its-80th-anniversary-with-a-big-staff-and-family-party-in-grettstadt.html\" \/>\n<meta name=\"twitter:label1\" content=\"Written by\" \/>\n\t<meta name=\"twitter:data1\" content=\"schaeflein\" \/>\n\t<meta name=\"twitter:label2\" content=\"Est. reading time\" \/>\n\t<meta name=\"twitter:data2\" content=\"2 minutes\" \/>\n<script type=\"application\/ld+json\" class=\"yoast-schema-graph\">{\"@context\":\"https:\/\/schema.org\",\"@graph\":[{\"@type\":\"WebPage\",\"@id\":\"https:\/\/www.schaeflein.de\/en\/schaeflein-celebrates-its-80th-anniversary-with-a-big-staff-and-family-party-in-grettstadt.html\",\"url\":\"https:\/\/www.schaeflein.de\/en\/schaeflein-celebrates-its-80th-anniversary-with-a-big-staff-and-family-party-in-grettstadt.html\",\"name\":\"Sch\u00e4flein celebrates its 80th anniversary | Sch\u00e4flein\",\"isPartOf\":{\"@id\":\"https:\/\/www.schaeflein.de\/#website\"},\"primaryImageOfPage\":{\"@id\":\"https:\/\/www.schaeflein.de\/en\/schaeflein-celebrates-its-80th-anniversary-with-a-big-staff-and-family-party-in-grettstadt.html#primaryimage\"},\"image\":{\"@id\":\"https:\/\/www.schaeflein.de\/en\/schaeflein-celebrates-its-80th-anniversary-with-a-big-staff-and-family-party-in-grettstadt.html#primaryimage\"},\"thumbnailUrl\":\"https:\/\/www.schaeflein.de\/wp-content\/uploads\/2019_08_05_Sch\u00e4flein-Jubil\u00e4um-Festivalgel\u00e4nde.jpg\",\"datePublished\":\"2019-08-06T10:57:27+00:00\",\"dateModified\":\"2025-02-17T11:59:11+00:00\",\"author\":{\"@id\":\"https:\/\/www.schaeflein.de\/#\/schema\/person\/1f37b1e80ad86a3fcfd2b12d76be27f7\"},\"description\":\"80 years of growth and no end in sight. That was the tenor of the big Sch\u00e4flein anniversary celebration last weekend.\",\"breadcrumb\":{\"@id\":\"https:\/\/www.schaeflein.de\/en\/schaeflein-celebrates-its-80th-anniversary-with-a-big-staff-and-family-party-in-grettstadt.html#breadcrumb\"},\"inLanguage\":\"en-US\",\"potentialAction\":[{\"@type\":\"ReadAction\",\"target\":[\"https:\/\/www.schaeflein.de\/en\/schaeflein-celebrates-its-80th-anniversary-with-a-big-staff-and-family-party-in-grettstadt.html\"]}]},{\"@type\":\"ImageObject\",\"inLanguage\":\"en-US\",\"@id\":\"https:\/\/www.schaeflein.de\/en\/schaeflein-celebrates-its-80th-anniversary-with-a-big-staff-and-family-party-in-grettstadt.html#primaryimage\",\"url\":\"https:\/\/www.schaeflein.de\/wp-content\/uploads\/2019_08_05_Sch\u00e4flein-Jubil\u00e4um-Festivalgel\u00e4nde.jpg\",\"contentUrl\":\"https:\/\/www.schaeflein.de\/wp-content\/uploads\/2019_08_05_Sch\u00e4flein-Jubil\u00e4um-Festivalgel\u00e4nde.jpg\",\"width\":1500,\"height\":1000,\"caption\":\"im Bild: Stefan Buchner, Leiter Mercedes-Benz Lkw, auf dem Daimler Trucks Jahrespressegespr\u00e4ch 2019\"},{\"@type\":\"BreadcrumbList\",\"@id\":\"https:\/\/www.schaeflein.de\/en\/schaeflein-celebrates-its-80th-anniversary-with-a-big-staff-and-family-party-in-grettstadt.html#breadcrumb\",\"itemListElement\":[{\"@type\":\"ListItem\",\"position\":1,\"name\":\"Home\",\"item\":\"https:\/\/www.schaeflein.de\/en\"},{\"@type\":\"ListItem\",\"position\":2,\"name\":\"Sch\u00e4flein celebrates its 80th anniversary with a big staff and family party in Grettstadt\"}]},{\"@type\":\"WebSite\",\"@id\":\"https:\/\/www.schaeflein.de\/#website\",\"url\":\"https:\/\/www.schaeflein.de\/\",\"name\":\"Sch\u00e4flein\",\"description\":\"\",\"potentialAction\":[{\"@type\":\"SearchAction\",\"target\":{\"@type\":\"EntryPoint\",\"urlTemplate\":\"https:\/\/www.schaeflein.de\/?s={search_term_string}\"},\"query-input\":{\"@type\":\"PropertyValueSpecification\",\"valueRequired\":true,\"valueName\":\"search_term_string\"}}],\"inLanguage\":\"en-US\"},{\"@type\":\"Person\",\"@id\":\"https:\/\/www.schaeflein.de\/#\/schema\/person\/1f37b1e80ad86a3fcfd2b12d76be27f7\",\"name\":\"schaeflein\",\"image\":{\"@type\":\"ImageObject\",\"inLanguage\":\"en-US\",\"@id\":\"https:\/\/www.schaeflein.de\/#\/schema\/person\/image\/\",\"url\":\"https:\/\/secure.gravatar.com\/avatar\/133b720f63126f53b3ed249e43296244e1bef9afbe6626912327386582051796?s=96&d=mm&r=g\",\"contentUrl\":\"https:\/\/secure.gravatar.com\/avatar\/133b720f63126f53b3ed249e43296244e1bef9afbe6626912327386582051796?s=96&d=mm&r=g\",\"caption\":\"schaeflein\"}}]}<\/script>\n<!-- \/ Yoast SEO plugin. -->","yoast_head_json":{"title":"Sch\u00e4flein celebrates its 80th anniversary | Sch\u00e4flein","description":"80 years of growth and no end in sight. That was the tenor of the big Sch\u00e4flein anniversary celebration last weekend.","robots":{"index":"index","follow":"follow","max-snippet":"max-snippet:-1","max-image-preview":"max-image-preview:large","max-video-preview":"max-video-preview:-1"},"canonical":"https:\/\/www.schaeflein.de\/en\/schaeflein-celebrates-its-80th-anniversary-with-a-big-staff-and-family-party-in-grettstadt.html","twitter_misc":{"Written by":"schaeflein","Est. reading time":"2 minutes"},"schema":{"@context":"https:\/\/schema.org","@graph":[{"@type":"WebPage","@id":"https:\/\/www.schaeflein.de\/en\/schaeflein-celebrates-its-80th-anniversary-with-a-big-staff-and-family-party-in-grettstadt.html","url":"https:\/\/www.schaeflein.de\/en\/schaeflein-celebrates-its-80th-anniversary-with-a-big-staff-and-family-party-in-grettstadt.html","name":"Sch\u00e4flein celebrates its 80th anniversary | Sch\u00e4flein","isPartOf":{"@id":"https:\/\/www.schaeflein.de\/#website"},"primaryImageOfPage":{"@id":"https:\/\/www.schaeflein.de\/en\/schaeflein-celebrates-its-80th-anniversary-with-a-big-staff-and-family-party-in-grettstadt.html#primaryimage"},"image":{"@id":"https:\/\/www.schaeflein.de\/en\/schaeflein-celebrates-its-80th-anniversary-with-a-big-staff-and-family-party-in-grettstadt.html#primaryimage"},"thumbnailUrl":"https:\/\/www.schaeflein.de\/wp-content\/uploads\/2019_08_05_Sch\u00e4flein-Jubil\u00e4um-Festivalgel\u00e4nde.jpg","datePublished":"2019-08-06T10:57:27+00:00","dateModified":"2025-02-17T11:59:11+00:00","author":{"@id":"https:\/\/www.schaeflein.de\/#\/schema\/person\/1f37b1e80ad86a3fcfd2b12d76be27f7"},"description":"80 years of growth and no end in sight. That was the tenor of the big Sch\u00e4flein anniversary celebration last weekend.","breadcrumb":{"@id":"https:\/\/www.schaeflein.de\/en\/schaeflein-celebrates-its-80th-anniversary-with-a-big-staff-and-family-party-in-grettstadt.html#breadcrumb"},"inLanguage":"en-US","potentialAction":[{"@type":"ReadAction","target":["https:\/\/www.schaeflein.de\/en\/schaeflein-celebrates-its-80th-anniversary-with-a-big-staff-and-family-party-in-grettstadt.html"]}]},{"@type":"ImageObject","inLanguage":"en-US","@id":"https:\/\/www.schaeflein.de\/en\/schaeflein-celebrates-its-80th-anniversary-with-a-big-staff-and-family-party-in-grettstadt.html#primaryimage","url":"https:\/\/www.schaeflein.de\/wp-content\/uploads\/2019_08_05_Sch\u00e4flein-Jubil\u00e4um-Festivalgel\u00e4nde.jpg","contentUrl":"https:\/\/www.schaeflein.de\/wp-content\/uploads\/2019_08_05_Sch\u00e4flein-Jubil\u00e4um-Festivalgel\u00e4nde.jpg","width":1500,"height":1000,"caption":"im Bild: Stefan Buchner, Leiter Mercedes-Benz Lkw, auf dem Daimler Trucks Jahrespressegespr\u00e4ch 2019"},{"@type":"BreadcrumbList","@id":"https:\/\/www.schaeflein.de\/en\/schaeflein-celebrates-its-80th-anniversary-with-a-big-staff-and-family-party-in-grettstadt.html#breadcrumb","itemListElement":[{"@type":"ListItem","position":1,"name":"Home","item":"https:\/\/www.schaeflein.de\/en"},{"@type":"ListItem","position":2,"name":"Sch\u00e4flein celebrates its 80th anniversary with a big staff and family party in Grettstadt"}]},{"@type":"WebSite","@id":"https:\/\/www.schaeflein.de\/#website","url":"https:\/\/www.schaeflein.de\/","name":"Sch\u00e4flein","description":"","potentialAction":[{"@type":"SearchAction","target":{"@type":"EntryPoint","urlTemplate":"https:\/\/www.schaeflein.de\/?s={search_term_string}"},"query-input":{"@type":"PropertyValueSpecification","valueRequired":true,"valueName":"search_term_string"}}],"inLanguage":"en-US"},{"@type":"Person","@id":"https:\/\/www.schaeflein.de\/#\/schema\/person\/1f37b1e80ad86a3fcfd2b12d76be27f7","name":"schaeflein","image":{"@type":"ImageObject","inLanguage":"en-US","@id":"https:\/\/www.schaeflein.de\/#\/schema\/person\/image\/","url":"https:\/\/secure.gravatar.com\/avatar\/133b720f63126f53b3ed249e43296244e1bef9afbe6626912327386582051796?s=96&d=mm&r=g","contentUrl":"https:\/\/secure.gravatar.com\/avatar\/133b720f63126f53b3ed249e43296244e1bef9afbe6626912327386582051796?s=96&d=mm&r=g","caption":"schaeflein"}}]}},"_links":{"self":[{"href":"https:\/\/www.schaeflein.de\/en\/wp-json\/wp\/v2\/posts\/13136","targetHints":{"allow":["GET"]}}],"collection":[{"href":"https:\/\/www.schaeflein.de\/en\/wp-json\/wp\/v2\/posts"}],"about":[{"href":"https:\/\/www.schaeflein.de\/en\/wp-json\/wp\/v2\/types\/post"}],"author":[{"embeddable":true,"href":"https:\/\/www.schaeflein.de\/en\/wp-json\/wp\/v2\/users\/16"}],"replies":[{"embeddable":true,"href":"https:\/\/www.schaeflein.de\/en\/wp-json\/wp\/v2\/comments?post=13136"}],"version-history":[{"count":1,"href":"https:\/\/www.schaeflein.de\/en\/wp-json\/wp\/v2\/posts\/13136\/revisions"}],"predecessor-version":[{"id":13137,"href":"https:\/\/www.schaeflein.de\/en\/wp-json\/wp\/v2\/posts\/13136\/revisions\/13137"}],"wp:featuredmedia":[{"embeddable":true,"href":"https:\/\/www.schaeflein.de\/en\/wp-json\/wp\/v2\/media\/6949"}],"wp:attachment":[{"href":"https:\/\/www.schaeflein.de\/en\/wp-json\/wp\/v2\/media?parent=13136"}],"wp:term":[{"taxonomy":"category","embeddable":true,"href":"https:\/\/www.schaeflein.de\/en\/wp-json\/wp\/v2\/categories?post=13136"},{"taxonomy":"post_tag","embeddable":true,"href":"https:\/\/www.schaeflein.de\/en\/wp-json\/wp\/v2\/tags?post=13136"}],"curies":[{"name":"wp","href":"https:\/\/api.w.org\/{rel}","templated":true}]}}