{"id":13174,"date":"2025-02-19T10:07:12","date_gmt":"2025-02-19T09:07:12","guid":{"rendered":"https:\/\/www.schaeflein.de\/?p=13174"},"modified":"2025-02-19T10:36:20","modified_gmt":"2025-02-19T09:36:20","slug":"schaeflein-now-also-a-partner-in-ng-network-new-cooperation-strengthens-the-regional-economy","status":"publish","type":"post","link":"https:\/\/www.schaeflein.de\/en\/schaeflein-now-also-a-partner-in-ng-network-new-cooperation-strengthens-the-regional-economy.html","title":{"rendered":"Sch\u00e4flein now also a partner in NG.network &#8211; New cooperation strengthens the regional economy"},"content":{"rendered":"<p><strong>R\u00f6thlein, 19.02.2025 &#8211; The Mainfranken region is gaining further logistical strength: the R\u00f6thlein-based family business Sch\u00e4flein is now part of the general cargo cooperation NG.network. In addition to the existing membership in the CargoLine network, the new partnership opens up additional opportunities in general cargo logistics. This will improve the supply of people and companies in the region, and at the same time products from Mainfranken will be transported even more efficiently to markets throughout Germany and Europe.<\/strong><\/p>\n<p>\u2018We are rooted in Mainfranken and feel very connected to the region,\u2019 explains Achim Sch\u00e4flein, CEO of Sch\u00e4flein AG. \u2018The collaboration with NG.network is an important step towards networking our home region even better, shortening delivery times and further optimising supply.\u2019<\/p>\n<p><span data-ccp-props=\"{&quot;201341983&quot;:0,&quot;335559739&quot;:200,&quot;335559740&quot;:276}\">\u00a0<\/span><\/p>\n<p><b><span data-contrast=\"auto\">Who is NG.network?<\/span><\/b><span data-ccp-props=\"{&quot;201341983&quot;:0,&quot;335559739&quot;:200,&quot;335559740&quot;:276}\">\u00a0<\/span><\/p>\n<p>NG.network is a general cargo co-operation with Europe-wide connections, in which freight forwarding and logistics companies work closely together to get goods to their destination efficiently and quickly. The network offers many advantages, particularly in the general cargo sector &#8211; i.e. for consignments that are transported on pallets or in smaller quantities.<\/p>\n<p>The close cooperation between the network partners results in shorter transport times, optimised transport capacity utilisation and a comprehensive supply throughout Germany and beyond. As a new regional partner, Sch\u00e4flein takes over the delivery of consignments in Franconia and the surrounding area. At the same time, Sch\u00e4flein transports regional products, including industrial goods, trade products and components from the automotive and mechanical engineering industries, to other parts of Germany and Europe.<\/p>\n<p><span data-ccp-props=\"{&quot;201341983&quot;:0,&quot;335559739&quot;:200,&quot;335559740&quot;:276}\">\u00a0<\/span><\/p>\n<p><strong>Strong partner in Mainfranken &#8211; logistics with tradition <\/strong><\/p>\n<p>Sch\u00e4flein is a medium-sized family business that can look back on over 85 years of company history. Founded in Mainfranken, Sch\u00e4flein still has strong ties to the region and is an important employer for many local people. Today, more than 2,500 employees work at a total of 35 locations in Germany, Austria and Poland.<\/p>\n<p>Many people know Sch\u00e4flein from the lorries that are on the roads in the region every day. They ensure that private households, companies and craft businesses are reliably supplied with important goods. At the same time, they transport regionally produced goods to customers throughout Europe &#8211; whether automotive components, machine components, food products or consumer goods.<\/p>\n<p>Sch\u00e4flein is represented at numerous locations in Mainfranken: In addition to its headquarters in R\u00f6thlein, the company operates logistics centres in Gerolzhofen, Gochsheim, Schweinfurt, Grettstadt, Volkach, Kitzingen and Marktheidenfeld. These locations are not only important hubs for regional supply, but also crucial for the economic development of the region.<\/p>\n<p>\u2018As a family business, we are proud to be a reliable partner for the people and companies in Mainfranken,\u2019 emphasises Achim Sch\u00e4flein. \u2018Our work secures many jobs and helps to further strengthen Mainfranken as a business location.\u2019<\/p>\n<p><span data-ccp-props=\"{&quot;201341983&quot;:0,&quot;335559739&quot;:200,&quot;335559740&quot;:276}\">\u00a0<\/span><\/p>\n<p><strong>Why cooperation with NG.network is important <\/strong><\/p>\n<p>The partnership with NG.network opens up new opportunities for Sch\u00e4flein to meet the growing demands in the logistics sector. For customers, this primarily means faster delivery times, higher availability and even more flexible solutions.<\/p>\n<p>\u2018This partnership enables us to work even more closely with our regional partners and at the same time strengthen our connection to the European markets,\u2019 explains Achim Sch\u00e4flein. \u2018For us, this is another milestone in expanding our position as a leading logistics company in the region and at the same time fulfilling the needs of our customers even better.\u2019<\/p>\n<p><span data-ccp-props=\"{&quot;201341983&quot;:0,&quot;335559739&quot;:200,&quot;335559740&quot;:276}\">\u00a0<\/span><\/p>\n<p><strong>Family business with a view to the future <\/strong><\/p>\n<p>Sch\u00e4flein has developed continuously since it was founded. What began as a small transport company is now a versatile logistics service provider with a broad portfolio: Transport logistics, general cargo distribution, warehouse logistics and digital solutions are all part of the core business.<\/p>\n<p>In addition to traditional forwarding services, Sch\u00e4flein is also a leader in the field of contract logistics. Goods for industrial customers, retailers and e-commerce companies are stored, picked and distributed throughout Europe at the warehouse locations in Mainfranken.<\/p>\n<p>The company also includes the IT company EIKONA AG, which develops digital logistics solutions, sprintBOX GmbH, a provider of reusable logistics, and LOCIT GmbH, which specialises in logistics consulting.<\/p>\n<p>\u2018We think long-term and into the future without forgetting our roots,\u2019 emphasises Achim Sch\u00e4flein. \u2018Our experience and innovative strength give us the power to continue supporting our customers successfully in the future. At the same time, our commitment to the region remains a central component of our corporate philosophy.\u2019<\/p>\n<p>&nbsp;<\/p>\n<p><span data-ccp-props=\"{&quot;201341983&quot;:0,&quot;335559739&quot;:200,&quot;335559740&quot;:276}\"> <img loading=\"lazy\" decoding=\"async\" class=\"alignnone size-full wp-image-13172\" src=\"https:\/\/www.schaeflein.de\/wp-content\/uploads\/01_Schaeflein_Roethlein.png\" alt=\"\" width=\"3000\" height=\"1447\" srcset=\"https:\/\/www.schaeflein.de\/wp-content\/uploads\/01_Schaeflein_Roethlein.png 3000w, https:\/\/www.schaeflein.de\/wp-content\/uploads\/01_Schaeflein_Roethlein-300x145.png 300w, https:\/\/www.schaeflein.de\/wp-content\/uploads\/01_Schaeflein_Roethlein-1024x494.png 1024w, https:\/\/www.schaeflein.de\/wp-content\/uploads\/01_Schaeflein_Roethlein-768x370.png 768w, https:\/\/www.schaeflein.de\/wp-content\/uploads\/01_Schaeflein_Roethlein-1536x741.png 1536w, https:\/\/www.schaeflein.de\/wp-content\/uploads\/01_Schaeflein_Roethlein-2048x988.png 2048w, https:\/\/www.schaeflein.de\/wp-content\/uploads\/01_Schaeflein_Roethlein-280x135.png 280w\" sizes=\"auto, (max-width: 3000px) 100vw, 3000px\" \/><\/span><\/p>\n","protected":false},"excerpt":{"rendered":"<p>R\u00f6thlein, 19.02.2025 &#8211; The Mainfranken region is gaining further logistical strength: the R\u00f6thlein-based family business Sch\u00e4flein is now part of the general cargo cooperation NG.network. In addition to the existing membership in the CargoLine network, the new partnership opens up additional opportunities in general cargo logistics. This will improve the supply of people and companies [&hellip;]<\/p>\n","protected":false},"author":16,"featured_media":13172,"comment_status":"closed","ping_status":"closed","sticky":false,"template":"","format":"standard","meta":{"_acf_changed":false,"footnotes":""},"categories":[],"tags":[],"class_list":["post-13174","post","type-post","status-publish","format-standard","has-post-thumbnail","hentry"],"acf":[],"yoast_head":"<!-- This site is optimized with the Yoast SEO plugin v26.6 - https:\/\/yoast.com\/wordpress\/plugins\/seo\/ -->\n<title>Sch\u00e4flein now also a partner in the NG.network<\/title>\n<meta name=\"description\" content=\"The Mainfranken region continues to gain logistical strength: Sch\u00e4flein is now part of the general cargo co-operation NG.network.\" \/>\n<meta name=\"robots\" content=\"index, follow, max-snippet:-1, max-image-preview:large, max-video-preview:-1\" \/>\n<link rel=\"canonical\" href=\"https:\/\/www.schaeflein.de\/en\/schaeflein-now-also-a-partner-in-ng-network-new-cooperation-strengthens-the-regional-economy.html\" \/>\n<meta name=\"twitter:label1\" content=\"Written by\" \/>\n\t<meta name=\"twitter:data1\" content=\"schaeflein\" \/>\n\t<meta name=\"twitter:label2\" content=\"Est. reading time\" \/>\n\t<meta name=\"twitter:data2\" content=\"5 minutes\" \/>\n<script type=\"application\/ld+json\" class=\"yoast-schema-graph\">{\"@context\":\"https:\/\/schema.org\",\"@graph\":[{\"@type\":\"WebPage\",\"@id\":\"https:\/\/www.schaeflein.de\/en\/schaeflein-now-also-a-partner-in-ng-network-new-cooperation-strengthens-the-regional-economy.html\",\"url\":\"https:\/\/www.schaeflein.de\/en\/schaeflein-now-also-a-partner-in-ng-network-new-cooperation-strengthens-the-regional-economy.html\",\"name\":\"Sch\u00e4flein now also a partner in the NG.network\",\"isPartOf\":{\"@id\":\"https:\/\/www.schaeflein.de\/#website\"},\"primaryImageOfPage\":{\"@id\":\"https:\/\/www.schaeflein.de\/en\/schaeflein-now-also-a-partner-in-ng-network-new-cooperation-strengthens-the-regional-economy.html#primaryimage\"},\"image\":{\"@id\":\"https:\/\/www.schaeflein.de\/en\/schaeflein-now-also-a-partner-in-ng-network-new-cooperation-strengthens-the-regional-economy.html#primaryimage\"},\"thumbnailUrl\":\"https:\/\/www.schaeflein.de\/wp-content\/uploads\/01_Schaeflein_Roethlein.png\",\"datePublished\":\"2025-02-19T09:07:12+00:00\",\"dateModified\":\"2025-02-19T09:36:20+00:00\",\"author\":{\"@id\":\"https:\/\/www.schaeflein.de\/#\/schema\/person\/1f37b1e80ad86a3fcfd2b12d76be27f7\"},\"description\":\"The Mainfranken region continues to gain logistical strength: Sch\u00e4flein is now part of the general cargo co-operation NG.network.\",\"breadcrumb\":{\"@id\":\"https:\/\/www.schaeflein.de\/en\/schaeflein-now-also-a-partner-in-ng-network-new-cooperation-strengthens-the-regional-economy.html#breadcrumb\"},\"inLanguage\":\"en-US\",\"potentialAction\":[{\"@type\":\"ReadAction\",\"target\":[\"https:\/\/www.schaeflein.de\/en\/schaeflein-now-also-a-partner-in-ng-network-new-cooperation-strengthens-the-regional-economy.html\"]}]},{\"@type\":\"ImageObject\",\"inLanguage\":\"en-US\",\"@id\":\"https:\/\/www.schaeflein.de\/en\/schaeflein-now-also-a-partner-in-ng-network-new-cooperation-strengthens-the-regional-economy.html#primaryimage\",\"url\":\"https:\/\/www.schaeflein.de\/wp-content\/uploads\/01_Schaeflein_Roethlein.png\",\"contentUrl\":\"https:\/\/www.schaeflein.de\/wp-content\/uploads\/01_Schaeflein_Roethlein.png\",\"width\":3000,\"height\":1447},{\"@type\":\"BreadcrumbList\",\"@id\":\"https:\/\/www.schaeflein.de\/en\/schaeflein-now-also-a-partner-in-ng-network-new-cooperation-strengthens-the-regional-economy.html#breadcrumb\",\"itemListElement\":[{\"@type\":\"ListItem\",\"position\":1,\"name\":\"Home\",\"item\":\"https:\/\/www.schaeflein.de\/en\"},{\"@type\":\"ListItem\",\"position\":2,\"name\":\"Sch\u00e4flein now also a partner in NG.network &#8211; New cooperation strengthens the regional economy\"}]},{\"@type\":\"WebSite\",\"@id\":\"https:\/\/www.schaeflein.de\/#website\",\"url\":\"https:\/\/www.schaeflein.de\/\",\"name\":\"Sch\u00e4flein\",\"description\":\"\",\"potentialAction\":[{\"@type\":\"SearchAction\",\"target\":{\"@type\":\"EntryPoint\",\"urlTemplate\":\"https:\/\/www.schaeflein.de\/?s={search_term_string}\"},\"query-input\":{\"@type\":\"PropertyValueSpecification\",\"valueRequired\":true,\"valueName\":\"search_term_string\"}}],\"inLanguage\":\"en-US\"},{\"@type\":\"Person\",\"@id\":\"https:\/\/www.schaeflein.de\/#\/schema\/person\/1f37b1e80ad86a3fcfd2b12d76be27f7\",\"name\":\"schaeflein\",\"image\":{\"@type\":\"ImageObject\",\"inLanguage\":\"en-US\",\"@id\":\"https:\/\/www.schaeflein.de\/#\/schema\/person\/image\/\",\"url\":\"https:\/\/secure.gravatar.com\/avatar\/133b720f63126f53b3ed249e43296244e1bef9afbe6626912327386582051796?s=96&d=mm&r=g\",\"contentUrl\":\"https:\/\/secure.gravatar.com\/avatar\/133b720f63126f53b3ed249e43296244e1bef9afbe6626912327386582051796?s=96&d=mm&r=g\",\"caption\":\"schaeflein\"}}]}<\/script>\n<!-- \/ Yoast SEO plugin. -->","yoast_head_json":{"title":"Sch\u00e4flein now also a partner in the NG.network","description":"The Mainfranken region continues to gain logistical strength: Sch\u00e4flein is now part of the general cargo co-operation NG.network.","robots":{"index":"index","follow":"follow","max-snippet":"max-snippet:-1","max-image-preview":"max-image-preview:large","max-video-preview":"max-video-preview:-1"},"canonical":"https:\/\/www.schaeflein.de\/en\/schaeflein-now-also-a-partner-in-ng-network-new-cooperation-strengthens-the-regional-economy.html","twitter_misc":{"Written by":"schaeflein","Est. reading time":"5 minutes"},"schema":{"@context":"https:\/\/schema.org","@graph":[{"@type":"WebPage","@id":"https:\/\/www.schaeflein.de\/en\/schaeflein-now-also-a-partner-in-ng-network-new-cooperation-strengthens-the-regional-economy.html","url":"https:\/\/www.schaeflein.de\/en\/schaeflein-now-also-a-partner-in-ng-network-new-cooperation-strengthens-the-regional-economy.html","name":"Sch\u00e4flein now also a partner in the NG.network","isPartOf":{"@id":"https:\/\/www.schaeflein.de\/#website"},"primaryImageOfPage":{"@id":"https:\/\/www.schaeflein.de\/en\/schaeflein-now-also-a-partner-in-ng-network-new-cooperation-strengthens-the-regional-economy.html#primaryimage"},"image":{"@id":"https:\/\/www.schaeflein.de\/en\/schaeflein-now-also-a-partner-in-ng-network-new-cooperation-strengthens-the-regional-economy.html#primaryimage"},"thumbnailUrl":"https:\/\/www.schaeflein.de\/wp-content\/uploads\/01_Schaeflein_Roethlein.png","datePublished":"2025-02-19T09:07:12+00:00","dateModified":"2025-02-19T09:36:20+00:00","author":{"@id":"https:\/\/www.schaeflein.de\/#\/schema\/person\/1f37b1e80ad86a3fcfd2b12d76be27f7"},"description":"The Mainfranken region continues to gain logistical strength: Sch\u00e4flein is now part of the general cargo co-operation NG.network.","breadcrumb":{"@id":"https:\/\/www.schaeflein.de\/en\/schaeflein-now-also-a-partner-in-ng-network-new-cooperation-strengthens-the-regional-economy.html#breadcrumb"},"inLanguage":"en-US","potentialAction":[{"@type":"ReadAction","target":["https:\/\/www.schaeflein.de\/en\/schaeflein-now-also-a-partner-in-ng-network-new-cooperation-strengthens-the-regional-economy.html"]}]},{"@type":"ImageObject","inLanguage":"en-US","@id":"https:\/\/www.schaeflein.de\/en\/schaeflein-now-also-a-partner-in-ng-network-new-cooperation-strengthens-the-regional-economy.html#primaryimage","url":"https:\/\/www.schaeflein.de\/wp-content\/uploads\/01_Schaeflein_Roethlein.png","contentUrl":"https:\/\/www.schaeflein.de\/wp-content\/uploads\/01_Schaeflein_Roethlein.png","width":3000,"height":1447},{"@type":"BreadcrumbList","@id":"https:\/\/www.schaeflein.de\/en\/schaeflein-now-also-a-partner-in-ng-network-new-cooperation-strengthens-the-regional-economy.html#breadcrumb","itemListElement":[{"@type":"ListItem","position":1,"name":"Home","item":"https:\/\/www.schaeflein.de\/en"},{"@type":"ListItem","position":2,"name":"Sch\u00e4flein now also a partner in NG.network &#8211; New cooperation strengthens the regional economy"}]},{"@type":"WebSite","@id":"https:\/\/www.schaeflein.de\/#website","url":"https:\/\/www.schaeflein.de\/","name":"Sch\u00e4flein","description":"","potentialAction":[{"@type":"SearchAction","target":{"@type":"EntryPoint","urlTemplate":"https:\/\/www.schaeflein.de\/?s={search_term_string}"},"query-input":{"@type":"PropertyValueSpecification","valueRequired":true,"valueName":"search_term_string"}}],"inLanguage":"en-US"},{"@type":"Person","@id":"https:\/\/www.schaeflein.de\/#\/schema\/person\/1f37b1e80ad86a3fcfd2b12d76be27f7","name":"schaeflein","image":{"@type":"ImageObject","inLanguage":"en-US","@id":"https:\/\/www.schaeflein.de\/#\/schema\/person\/image\/","url":"https:\/\/secure.gravatar.com\/avatar\/133b720f63126f53b3ed249e43296244e1bef9afbe6626912327386582051796?s=96&d=mm&r=g","contentUrl":"https:\/\/secure.gravatar.com\/avatar\/133b720f63126f53b3ed249e43296244e1bef9afbe6626912327386582051796?s=96&d=mm&r=g","caption":"schaeflein"}}]}},"_links":{"self":[{"href":"https:\/\/www.schaeflein.de\/en\/wp-json\/wp\/v2\/posts\/13174","targetHints":{"allow":["GET"]}}],"collection":[{"href":"https:\/\/www.schaeflein.de\/en\/wp-json\/wp\/v2\/posts"}],"about":[{"href":"https:\/\/www.schaeflein.de\/en\/wp-json\/wp\/v2\/types\/post"}],"author":[{"embeddable":true,"href":"https:\/\/www.schaeflein.de\/en\/wp-json\/wp\/v2\/users\/16"}],"replies":[{"embeddable":true,"href":"https:\/\/www.schaeflein.de\/en\/wp-json\/wp\/v2\/comments?post=13174"}],"version-history":[{"count":3,"href":"https:\/\/www.schaeflein.de\/en\/wp-json\/wp\/v2\/posts\/13174\/revisions"}],"predecessor-version":[{"id":13177,"href":"https:\/\/www.schaeflein.de\/en\/wp-json\/wp\/v2\/posts\/13174\/revisions\/13177"}],"wp:featuredmedia":[{"embeddable":true,"href":"https:\/\/www.schaeflein.de\/en\/wp-json\/wp\/v2\/media\/13172"}],"wp:attachment":[{"href":"https:\/\/www.schaeflein.de\/en\/wp-json\/wp\/v2\/media?parent=13174"}],"wp:term":[{"taxonomy":"category","embeddable":true,"href":"https:\/\/www.schaeflein.de\/en\/wp-json\/wp\/v2\/categories?post=13174"},{"taxonomy":"post_tag","embeddable":true,"href":"https:\/\/www.schaeflein.de\/en\/wp-json\/wp\/v2\/tags?post=13174"}],"curies":[{"name":"wp","href":"https:\/\/api.w.org\/{rel}","templated":true}]}}