{"id":13259,"date":"2019-04-24T09:24:28","date_gmt":"2019-04-24T07:24:28","guid":{"rendered":"https:\/\/www.schaeflein.de\/?p=13259"},"modified":"2025-02-21T09:56:00","modified_gmt":"2025-02-21T08:56:00","slug":"schaeflein-expands-european-distribution-centre-at-roethlein-site","status":"publish","type":"post","link":"https:\/\/www.schaeflein.de\/en\/schaeflein-expands-european-distribution-centre-at-roethlein-site.html","title":{"rendered":"Sch\u00e4flein expands European distribution centre at R\u00f6thlein site"},"content":{"rendered":"<p>With the new 25,000 square metre building, the logistics company will then operate a total of around 300,000 square metres of logistics space.<\/p>\n<p>Earthworks on the new distribution centre are in full swing. If everything continues to go according to plan, 9,000 square metres of warehouse space will be completed in the first construction phase at the end of this year and around 16,000 square metres in the second construction phase by the end of the first quarter of next year.<\/p>\n<p>The new distribution centre is designed for multi-users and multi-products and serves as a European hub for various retail companies. Bicycles, e-bikes and accessories as well as tyres for trucks, tractors and other agricultural vehicles will find a logistics platform here, as will plastic, household and garden products, to name just a few examples. &#8220;Our customers are aware of the central location of the site and use it as a &#8216;gateway to Europe&#8217;. It also offers an almost perfect symbiosis: logistics and freight forwarding are just a stone&#8217;s throw away from each other,&#8221; emphasises Achim Sch\u00e4flein, CEO of the Sch\u00e4flein Group.<\/p>\n<p>Sch\u00e4flein continues to grow in its 80th year of existence, as Achim Sch\u00e4flein explains: &#8220;What began in 1939 with three tractor units is now a state-of-the-art logistics company with 1,650 employees at 25 logistics locations in Germany, Austria and Poland.&#8221;<\/p>\n<p><img loading=\"lazy\" decoding=\"async\" class=\"alignnone size-medium wp-image-6770\" src=\"https:\/\/www.schaeflein.de\/wp-content\/uploads\/Neubau-R\u00f6thlein-300x169.png\" alt=\"\" width=\"300\" height=\"169\" srcset=\"https:\/\/www.schaeflein.de\/wp-content\/uploads\/Neubau-R\u00f6thlein-300x169.png 300w, https:\/\/www.schaeflein.de\/wp-content\/uploads\/Neubau-R\u00f6thlein-768x433.png 768w, https:\/\/www.schaeflein.de\/wp-content\/uploads\/Neubau-R\u00f6thlein-1024x577.png 1024w, https:\/\/www.schaeflein.de\/wp-content\/uploads\/Neubau-R\u00f6thlein-280x158.png 280w, https:\/\/www.schaeflein.de\/wp-content\/uploads\/Neubau-R\u00f6thlein.png 1644w\" sizes=\"auto, (max-width: 300px) 100vw, 300px\" \/><\/p>\n","protected":false},"excerpt":{"rendered":"<p>With the new 25,000 square metre building, the logistics company will then operate a total of around 300,000 square metres of logistics space. Earthworks on the new distribution centre are in full swing. If everything continues to go according to plan, 9,000 square metres of warehouse space will be completed in the first construction phase [&hellip;]<\/p>\n","protected":false},"author":16,"featured_media":6771,"comment_status":"closed","ping_status":"closed","sticky":false,"template":"","format":"standard","meta":{"_acf_changed":false,"footnotes":""},"categories":[],"tags":[],"class_list":["post-13259","post","type-post","status-publish","format-standard","has-post-thumbnail","hentry"],"acf":[],"yoast_head":"<!-- This site is optimized with the Yoast SEO plugin v26.6 - https:\/\/yoast.com\/wordpress\/plugins\/seo\/ -->\n<title>Sch\u00e4flein expands European distribution centre at R\u00f6thlein site | Sch\u00e4flein<\/title>\n<meta name=\"description\" content=\"With the new 25,000 m\u00b2 building, the logistics company will then operate a total of around 300,000 m\u00b2 of logistics space.\" \/>\n<meta name=\"robots\" content=\"index, follow, max-snippet:-1, max-image-preview:large, max-video-preview:-1\" \/>\n<link rel=\"canonical\" href=\"https:\/\/www.schaeflein.de\/en\/schaeflein-expands-european-distribution-centre-at-roethlein-site.html\" \/>\n<meta name=\"twitter:label1\" content=\"Written by\" \/>\n\t<meta name=\"twitter:data1\" content=\"schaeflein\" \/>\n\t<meta name=\"twitter:label2\" content=\"Est. reading time\" \/>\n\t<meta name=\"twitter:data2\" content=\"2 minutes\" \/>\n<script type=\"application\/ld+json\" class=\"yoast-schema-graph\">{\"@context\":\"https:\/\/schema.org\",\"@graph\":[{\"@type\":\"WebPage\",\"@id\":\"https:\/\/www.schaeflein.de\/en\/schaeflein-expands-european-distribution-centre-at-roethlein-site.html\",\"url\":\"https:\/\/www.schaeflein.de\/en\/schaeflein-expands-european-distribution-centre-at-roethlein-site.html\",\"name\":\"Sch\u00e4flein expands European distribution centre at R\u00f6thlein site | Sch\u00e4flein\",\"isPartOf\":{\"@id\":\"https:\/\/www.schaeflein.de\/#website\"},\"primaryImageOfPage\":{\"@id\":\"https:\/\/www.schaeflein.de\/en\/schaeflein-expands-european-distribution-centre-at-roethlein-site.html#primaryimage\"},\"image\":{\"@id\":\"https:\/\/www.schaeflein.de\/en\/schaeflein-expands-european-distribution-centre-at-roethlein-site.html#primaryimage\"},\"thumbnailUrl\":\"https:\/\/www.schaeflein.de\/wp-content\/uploads\/Neubau-R\u00f6thlein.png\",\"datePublished\":\"2019-04-24T07:24:28+00:00\",\"dateModified\":\"2025-02-21T08:56:00+00:00\",\"author\":{\"@id\":\"https:\/\/www.schaeflein.de\/#\/schema\/person\/1f37b1e80ad86a3fcfd2b12d76be27f7\"},\"description\":\"With the new 25,000 m\u00b2 building, the logistics company will then operate a total of around 300,000 m\u00b2 of logistics space.\",\"breadcrumb\":{\"@id\":\"https:\/\/www.schaeflein.de\/en\/schaeflein-expands-european-distribution-centre-at-roethlein-site.html#breadcrumb\"},\"inLanguage\":\"en-US\",\"potentialAction\":[{\"@type\":\"ReadAction\",\"target\":[\"https:\/\/www.schaeflein.de\/en\/schaeflein-expands-european-distribution-centre-at-roethlein-site.html\"]}]},{\"@type\":\"ImageObject\",\"inLanguage\":\"en-US\",\"@id\":\"https:\/\/www.schaeflein.de\/en\/schaeflein-expands-european-distribution-centre-at-roethlein-site.html#primaryimage\",\"url\":\"https:\/\/www.schaeflein.de\/wp-content\/uploads\/Neubau-R\u00f6thlein.png\",\"contentUrl\":\"https:\/\/www.schaeflein.de\/wp-content\/uploads\/Neubau-R\u00f6thlein.png\",\"width\":1644,\"height\":926},{\"@type\":\"BreadcrumbList\",\"@id\":\"https:\/\/www.schaeflein.de\/en\/schaeflein-expands-european-distribution-centre-at-roethlein-site.html#breadcrumb\",\"itemListElement\":[{\"@type\":\"ListItem\",\"position\":1,\"name\":\"Home\",\"item\":\"https:\/\/www.schaeflein.de\/en\"},{\"@type\":\"ListItem\",\"position\":2,\"name\":\"Sch\u00e4flein expands European distribution centre at R\u00f6thlein site\"}]},{\"@type\":\"WebSite\",\"@id\":\"https:\/\/www.schaeflein.de\/#website\",\"url\":\"https:\/\/www.schaeflein.de\/\",\"name\":\"Sch\u00e4flein\",\"description\":\"\",\"potentialAction\":[{\"@type\":\"SearchAction\",\"target\":{\"@type\":\"EntryPoint\",\"urlTemplate\":\"https:\/\/www.schaeflein.de\/?s={search_term_string}\"},\"query-input\":{\"@type\":\"PropertyValueSpecification\",\"valueRequired\":true,\"valueName\":\"search_term_string\"}}],\"inLanguage\":\"en-US\"},{\"@type\":\"Person\",\"@id\":\"https:\/\/www.schaeflein.de\/#\/schema\/person\/1f37b1e80ad86a3fcfd2b12d76be27f7\",\"name\":\"schaeflein\",\"image\":{\"@type\":\"ImageObject\",\"inLanguage\":\"en-US\",\"@id\":\"https:\/\/www.schaeflein.de\/#\/schema\/person\/image\/\",\"url\":\"https:\/\/secure.gravatar.com\/avatar\/133b720f63126f53b3ed249e43296244e1bef9afbe6626912327386582051796?s=96&d=mm&r=g\",\"contentUrl\":\"https:\/\/secure.gravatar.com\/avatar\/133b720f63126f53b3ed249e43296244e1bef9afbe6626912327386582051796?s=96&d=mm&r=g\",\"caption\":\"schaeflein\"}}]}<\/script>\n<!-- \/ Yoast SEO plugin. -->","yoast_head_json":{"title":"Sch\u00e4flein expands European distribution centre at R\u00f6thlein site | Sch\u00e4flein","description":"With the new 25,000 m\u00b2 building, the logistics company will then operate a total of around 300,000 m\u00b2 of logistics space.","robots":{"index":"index","follow":"follow","max-snippet":"max-snippet:-1","max-image-preview":"max-image-preview:large","max-video-preview":"max-video-preview:-1"},"canonical":"https:\/\/www.schaeflein.de\/en\/schaeflein-expands-european-distribution-centre-at-roethlein-site.html","twitter_misc":{"Written by":"schaeflein","Est. reading time":"2 minutes"},"schema":{"@context":"https:\/\/schema.org","@graph":[{"@type":"WebPage","@id":"https:\/\/www.schaeflein.de\/en\/schaeflein-expands-european-distribution-centre-at-roethlein-site.html","url":"https:\/\/www.schaeflein.de\/en\/schaeflein-expands-european-distribution-centre-at-roethlein-site.html","name":"Sch\u00e4flein expands European distribution centre at R\u00f6thlein site | Sch\u00e4flein","isPartOf":{"@id":"https:\/\/www.schaeflein.de\/#website"},"primaryImageOfPage":{"@id":"https:\/\/www.schaeflein.de\/en\/schaeflein-expands-european-distribution-centre-at-roethlein-site.html#primaryimage"},"image":{"@id":"https:\/\/www.schaeflein.de\/en\/schaeflein-expands-european-distribution-centre-at-roethlein-site.html#primaryimage"},"thumbnailUrl":"https:\/\/www.schaeflein.de\/wp-content\/uploads\/Neubau-R\u00f6thlein.png","datePublished":"2019-04-24T07:24:28+00:00","dateModified":"2025-02-21T08:56:00+00:00","author":{"@id":"https:\/\/www.schaeflein.de\/#\/schema\/person\/1f37b1e80ad86a3fcfd2b12d76be27f7"},"description":"With the new 25,000 m\u00b2 building, the logistics company will then operate a total of around 300,000 m\u00b2 of logistics space.","breadcrumb":{"@id":"https:\/\/www.schaeflein.de\/en\/schaeflein-expands-european-distribution-centre-at-roethlein-site.html#breadcrumb"},"inLanguage":"en-US","potentialAction":[{"@type":"ReadAction","target":["https:\/\/www.schaeflein.de\/en\/schaeflein-expands-european-distribution-centre-at-roethlein-site.html"]}]},{"@type":"ImageObject","inLanguage":"en-US","@id":"https:\/\/www.schaeflein.de\/en\/schaeflein-expands-european-distribution-centre-at-roethlein-site.html#primaryimage","url":"https:\/\/www.schaeflein.de\/wp-content\/uploads\/Neubau-R\u00f6thlein.png","contentUrl":"https:\/\/www.schaeflein.de\/wp-content\/uploads\/Neubau-R\u00f6thlein.png","width":1644,"height":926},{"@type":"BreadcrumbList","@id":"https:\/\/www.schaeflein.de\/en\/schaeflein-expands-european-distribution-centre-at-roethlein-site.html#breadcrumb","itemListElement":[{"@type":"ListItem","position":1,"name":"Home","item":"https:\/\/www.schaeflein.de\/en"},{"@type":"ListItem","position":2,"name":"Sch\u00e4flein expands European distribution centre at R\u00f6thlein site"}]},{"@type":"WebSite","@id":"https:\/\/www.schaeflein.de\/#website","url":"https:\/\/www.schaeflein.de\/","name":"Sch\u00e4flein","description":"","potentialAction":[{"@type":"SearchAction","target":{"@type":"EntryPoint","urlTemplate":"https:\/\/www.schaeflein.de\/?s={search_term_string}"},"query-input":{"@type":"PropertyValueSpecification","valueRequired":true,"valueName":"search_term_string"}}],"inLanguage":"en-US"},{"@type":"Person","@id":"https:\/\/www.schaeflein.de\/#\/schema\/person\/1f37b1e80ad86a3fcfd2b12d76be27f7","name":"schaeflein","image":{"@type":"ImageObject","inLanguage":"en-US","@id":"https:\/\/www.schaeflein.de\/#\/schema\/person\/image\/","url":"https:\/\/secure.gravatar.com\/avatar\/133b720f63126f53b3ed249e43296244e1bef9afbe6626912327386582051796?s=96&d=mm&r=g","contentUrl":"https:\/\/secure.gravatar.com\/avatar\/133b720f63126f53b3ed249e43296244e1bef9afbe6626912327386582051796?s=96&d=mm&r=g","caption":"schaeflein"}}]}},"_links":{"self":[{"href":"https:\/\/www.schaeflein.de\/en\/wp-json\/wp\/v2\/posts\/13259","targetHints":{"allow":["GET"]}}],"collection":[{"href":"https:\/\/www.schaeflein.de\/en\/wp-json\/wp\/v2\/posts"}],"about":[{"href":"https:\/\/www.schaeflein.de\/en\/wp-json\/wp\/v2\/types\/post"}],"author":[{"embeddable":true,"href":"https:\/\/www.schaeflein.de\/en\/wp-json\/wp\/v2\/users\/16"}],"replies":[{"embeddable":true,"href":"https:\/\/www.schaeflein.de\/en\/wp-json\/wp\/v2\/comments?post=13259"}],"version-history":[{"count":1,"href":"https:\/\/www.schaeflein.de\/en\/wp-json\/wp\/v2\/posts\/13259\/revisions"}],"predecessor-version":[{"id":13260,"href":"https:\/\/www.schaeflein.de\/en\/wp-json\/wp\/v2\/posts\/13259\/revisions\/13260"}],"wp:featuredmedia":[{"embeddable":true,"href":"https:\/\/www.schaeflein.de\/en\/wp-json\/wp\/v2\/media\/6771"}],"wp:attachment":[{"href":"https:\/\/www.schaeflein.de\/en\/wp-json\/wp\/v2\/media?parent=13259"}],"wp:term":[{"taxonomy":"category","embeddable":true,"href":"https:\/\/www.schaeflein.de\/en\/wp-json\/wp\/v2\/categories?post=13259"},{"taxonomy":"post_tag","embeddable":true,"href":"https:\/\/www.schaeflein.de\/en\/wp-json\/wp\/v2\/tags?post=13259"}],"curies":[{"name":"wp","href":"https:\/\/api.w.org\/{rel}","templated":true}]}}