{"id":13267,"date":"2019-02-13T10:15:12","date_gmt":"2019-02-13T09:15:12","guid":{"rendered":"https:\/\/www.schaeflein.de\/?p=13267"},"modified":"2025-02-21T10:17:10","modified_gmt":"2025-02-21T09:17:10","slug":"bosch-group-once-again-honours-schaeflein-as-a-preferred-supplier","status":"publish","type":"post","link":"https:\/\/www.schaeflein.de\/en\/bosch-group-once-again-honours-schaeflein-as-a-preferred-supplier.html","title":{"rendered":"Bosch Group once again honours Sch\u00e4flein as a Preferred Supplier"},"content":{"rendered":"<p>Robert Bosch GmbH has once again honoured Sch\u00e4flein AG as a &#8220;Preferred Supplier for Logistics Services&#8221; in 2019 in recognition of its exceptional expertise and performance. Being categorised as a &#8220;Preferred Supplier&#8221; means that Sch\u00e4flein is seen as an important partner for ensuring Bosch&#8217;s competitiveness. The Bosch Group generally focuses its collaboration on suppliers that it considers to have above-average expertise and performance. In order to be able to make this judgement, suppliers are permanently assessed on the basis of defined criteria.<\/p>\n<p>&#8220;We are delighted that Bosch has once again awarded Sch\u00e4flein &#8220;Preferred Supplier&#8221; status. The award is a great confirmation of the work of our team and our good cooperation with the Bosch Group,&#8221; commented the two board members Achim and Bernd Sch\u00e4flein on the award. With this award, the Bosch Group recognises the company&#8217;s strong customer focus, high quality and results-oriented, sustainable logistics. Sch\u00e4flein works for Bosch at six locations in Germany and Austria as a forwarding agent, warehouse logistics specialist and container manager. This award once again recognises Sch\u00e4flein as one of the outstanding logistics providers for the automotive and mechanical engineering industries.<\/p>\n<p>&nbsp;<\/p>\n<div id=\"attachment_6418\" style=\"width: 310px\" class=\"wp-caption alignnone\"><img loading=\"lazy\" decoding=\"async\" aria-describedby=\"caption-attachment-6418\" class=\"wp-image-6418 size-medium\" src=\"https:\/\/www.schaeflein.de\/wp-content\/uploads\/2019_02_13_Sch\u00e4flein_Bosch-Preferred-Supplier-300x200.png\" alt=\"Bosch Gruppe und Sch\u00e4flein AG \" width=\"300\" height=\"200\" srcset=\"https:\/\/www.schaeflein.de\/wp-content\/uploads\/2019_02_13_Sch\u00e4flein_Bosch-Preferred-Supplier-300x200.png 300w, https:\/\/www.schaeflein.de\/wp-content\/uploads\/2019_02_13_Sch\u00e4flein_Bosch-Preferred-Supplier-768x512.png 768w, https:\/\/www.schaeflein.de\/wp-content\/uploads\/2019_02_13_Sch\u00e4flein_Bosch-Preferred-Supplier-1024x683.png 1024w, https:\/\/www.schaeflein.de\/wp-content\/uploads\/2019_02_13_Sch\u00e4flein_Bosch-Preferred-Supplier-280x187.png 280w, https:\/\/www.schaeflein.de\/wp-content\/uploads\/2019_02_13_Sch\u00e4flein_Bosch-Preferred-Supplier.png 1200w\" sizes=\"auto, (max-width: 300px) 100vw, 300px\" \/><p id=\"caption-attachment-6418\" class=\"wp-caption-text\">in the picture: Martin Jurock (Bosch), Bernd Sch\u00e4flein, Achim Sch\u00e4flein (both Sch\u00e4flein AG), Christian Gutknecht (Bosch)<\/p><\/div>\n","protected":false},"excerpt":{"rendered":"<p>Robert Bosch GmbH has once again honoured Sch\u00e4flein AG as a &#8220;Preferred Supplier for Logistics Services&#8221; in 2019 in recognition of its exceptional expertise and performance. Being categorised as a &#8220;Preferred Supplier&#8221; means that Sch\u00e4flein is seen as an important partner for ensuring Bosch&#8217;s competitiveness. The Bosch Group generally focuses its collaboration on suppliers that [&hellip;]<\/p>\n","protected":false},"author":16,"featured_media":6419,"comment_status":"closed","ping_status":"closed","sticky":false,"template":"","format":"standard","meta":{"_acf_changed":false,"footnotes":""},"categories":[],"tags":[],"class_list":["post-13267","post","type-post","status-publish","format-standard","has-post-thumbnail","hentry"],"acf":[],"yoast_head":"<!-- This site is optimized with the Yoast SEO plugin v26.6 - https:\/\/yoast.com\/wordpress\/plugins\/seo\/ -->\n<title>Bosch Group once again honours Sch\u00e4flein as a Preferred Supplier | Sch\u00e4flein<\/title>\n<meta name=\"description\" content=\"&quot;We are delighted by Bosch&#039;s recognition. This award confirms our team&#039;s work and strong partnership,&quot; said Sch\u00e4flein&#039;s board members.\" \/>\n<meta name=\"robots\" content=\"index, follow, max-snippet:-1, max-image-preview:large, max-video-preview:-1\" \/>\n<link rel=\"canonical\" href=\"https:\/\/www.schaeflein.de\/en\/bosch-group-once-again-honours-schaeflein-as-a-preferred-supplier.html\" \/>\n<meta name=\"twitter:label1\" content=\"Written by\" \/>\n\t<meta name=\"twitter:data1\" content=\"schaeflein\" \/>\n\t<meta name=\"twitter:label2\" content=\"Est. reading time\" \/>\n\t<meta name=\"twitter:data2\" content=\"2 minutes\" \/>\n<script type=\"application\/ld+json\" class=\"yoast-schema-graph\">{\"@context\":\"https:\/\/schema.org\",\"@graph\":[{\"@type\":\"WebPage\",\"@id\":\"https:\/\/www.schaeflein.de\/en\/bosch-group-once-again-honours-schaeflein-as-a-preferred-supplier.html\",\"url\":\"https:\/\/www.schaeflein.de\/en\/bosch-group-once-again-honours-schaeflein-as-a-preferred-supplier.html\",\"name\":\"Bosch Group once again honours Sch\u00e4flein as a Preferred Supplier | Sch\u00e4flein\",\"isPartOf\":{\"@id\":\"https:\/\/www.schaeflein.de\/#website\"},\"primaryImageOfPage\":{\"@id\":\"https:\/\/www.schaeflein.de\/en\/bosch-group-once-again-honours-schaeflein-as-a-preferred-supplier.html#primaryimage\"},\"image\":{\"@id\":\"https:\/\/www.schaeflein.de\/en\/bosch-group-once-again-honours-schaeflein-as-a-preferred-supplier.html#primaryimage\"},\"thumbnailUrl\":\"https:\/\/www.schaeflein.de\/wp-content\/uploads\/2019_02_13_Sch\u00e4flein_Bosch-Preferred-Supplier.png\",\"datePublished\":\"2019-02-13T09:15:12+00:00\",\"dateModified\":\"2025-02-21T09:17:10+00:00\",\"author\":{\"@id\":\"https:\/\/www.schaeflein.de\/#\/schema\/person\/1f37b1e80ad86a3fcfd2b12d76be27f7\"},\"description\":\"\\\"We are delighted by Bosch's recognition. This award confirms our team's work and strong partnership,\\\" said Sch\u00e4flein's board members.\",\"breadcrumb\":{\"@id\":\"https:\/\/www.schaeflein.de\/en\/bosch-group-once-again-honours-schaeflein-as-a-preferred-supplier.html#breadcrumb\"},\"inLanguage\":\"en-US\",\"potentialAction\":[{\"@type\":\"ReadAction\",\"target\":[\"https:\/\/www.schaeflein.de\/en\/bosch-group-once-again-honours-schaeflein-as-a-preferred-supplier.html\"]}]},{\"@type\":\"ImageObject\",\"inLanguage\":\"en-US\",\"@id\":\"https:\/\/www.schaeflein.de\/en\/bosch-group-once-again-honours-schaeflein-as-a-preferred-supplier.html#primaryimage\",\"url\":\"https:\/\/www.schaeflein.de\/wp-content\/uploads\/2019_02_13_Sch\u00e4flein_Bosch-Preferred-Supplier.png\",\"contentUrl\":\"https:\/\/www.schaeflein.de\/wp-content\/uploads\/2019_02_13_Sch\u00e4flein_Bosch-Preferred-Supplier.png\",\"width\":1200,\"height\":800,\"caption\":\"Im Bild: Martin Jurock (Bosch), Bernd Sch\u00e4flein, Achim Sch\u00e4flein (beide Sch\u00e4flein AG), Christian Gutknecht (Bosch)\"},{\"@type\":\"BreadcrumbList\",\"@id\":\"https:\/\/www.schaeflein.de\/en\/bosch-group-once-again-honours-schaeflein-as-a-preferred-supplier.html#breadcrumb\",\"itemListElement\":[{\"@type\":\"ListItem\",\"position\":1,\"name\":\"Home\",\"item\":\"https:\/\/www.schaeflein.de\/en\"},{\"@type\":\"ListItem\",\"position\":2,\"name\":\"Bosch Group once again honours Sch\u00e4flein as a Preferred Supplier\"}]},{\"@type\":\"WebSite\",\"@id\":\"https:\/\/www.schaeflein.de\/#website\",\"url\":\"https:\/\/www.schaeflein.de\/\",\"name\":\"Sch\u00e4flein\",\"description\":\"\",\"potentialAction\":[{\"@type\":\"SearchAction\",\"target\":{\"@type\":\"EntryPoint\",\"urlTemplate\":\"https:\/\/www.schaeflein.de\/?s={search_term_string}\"},\"query-input\":{\"@type\":\"PropertyValueSpecification\",\"valueRequired\":true,\"valueName\":\"search_term_string\"}}],\"inLanguage\":\"en-US\"},{\"@type\":\"Person\",\"@id\":\"https:\/\/www.schaeflein.de\/#\/schema\/person\/1f37b1e80ad86a3fcfd2b12d76be27f7\",\"name\":\"schaeflein\",\"image\":{\"@type\":\"ImageObject\",\"inLanguage\":\"en-US\",\"@id\":\"https:\/\/www.schaeflein.de\/#\/schema\/person\/image\/\",\"url\":\"https:\/\/secure.gravatar.com\/avatar\/133b720f63126f53b3ed249e43296244e1bef9afbe6626912327386582051796?s=96&d=mm&r=g\",\"contentUrl\":\"https:\/\/secure.gravatar.com\/avatar\/133b720f63126f53b3ed249e43296244e1bef9afbe6626912327386582051796?s=96&d=mm&r=g\",\"caption\":\"schaeflein\"}}]}<\/script>\n<!-- \/ Yoast SEO plugin. -->","yoast_head_json":{"title":"Bosch Group once again honours Sch\u00e4flein as a Preferred Supplier | Sch\u00e4flein","description":"\"We are delighted by Bosch's recognition. This award confirms our team's work and strong partnership,\" said Sch\u00e4flein's board members.","robots":{"index":"index","follow":"follow","max-snippet":"max-snippet:-1","max-image-preview":"max-image-preview:large","max-video-preview":"max-video-preview:-1"},"canonical":"https:\/\/www.schaeflein.de\/en\/bosch-group-once-again-honours-schaeflein-as-a-preferred-supplier.html","twitter_misc":{"Written by":"schaeflein","Est. reading time":"2 minutes"},"schema":{"@context":"https:\/\/schema.org","@graph":[{"@type":"WebPage","@id":"https:\/\/www.schaeflein.de\/en\/bosch-group-once-again-honours-schaeflein-as-a-preferred-supplier.html","url":"https:\/\/www.schaeflein.de\/en\/bosch-group-once-again-honours-schaeflein-as-a-preferred-supplier.html","name":"Bosch Group once again honours Sch\u00e4flein as a Preferred Supplier | Sch\u00e4flein","isPartOf":{"@id":"https:\/\/www.schaeflein.de\/#website"},"primaryImageOfPage":{"@id":"https:\/\/www.schaeflein.de\/en\/bosch-group-once-again-honours-schaeflein-as-a-preferred-supplier.html#primaryimage"},"image":{"@id":"https:\/\/www.schaeflein.de\/en\/bosch-group-once-again-honours-schaeflein-as-a-preferred-supplier.html#primaryimage"},"thumbnailUrl":"https:\/\/www.schaeflein.de\/wp-content\/uploads\/2019_02_13_Sch\u00e4flein_Bosch-Preferred-Supplier.png","datePublished":"2019-02-13T09:15:12+00:00","dateModified":"2025-02-21T09:17:10+00:00","author":{"@id":"https:\/\/www.schaeflein.de\/#\/schema\/person\/1f37b1e80ad86a3fcfd2b12d76be27f7"},"description":"\"We are delighted by Bosch's recognition. This award confirms our team's work and strong partnership,\" said Sch\u00e4flein's board members.","breadcrumb":{"@id":"https:\/\/www.schaeflein.de\/en\/bosch-group-once-again-honours-schaeflein-as-a-preferred-supplier.html#breadcrumb"},"inLanguage":"en-US","potentialAction":[{"@type":"ReadAction","target":["https:\/\/www.schaeflein.de\/en\/bosch-group-once-again-honours-schaeflein-as-a-preferred-supplier.html"]}]},{"@type":"ImageObject","inLanguage":"en-US","@id":"https:\/\/www.schaeflein.de\/en\/bosch-group-once-again-honours-schaeflein-as-a-preferred-supplier.html#primaryimage","url":"https:\/\/www.schaeflein.de\/wp-content\/uploads\/2019_02_13_Sch\u00e4flein_Bosch-Preferred-Supplier.png","contentUrl":"https:\/\/www.schaeflein.de\/wp-content\/uploads\/2019_02_13_Sch\u00e4flein_Bosch-Preferred-Supplier.png","width":1200,"height":800,"caption":"Im Bild: Martin Jurock (Bosch), Bernd Sch\u00e4flein, Achim Sch\u00e4flein (beide Sch\u00e4flein AG), Christian Gutknecht (Bosch)"},{"@type":"BreadcrumbList","@id":"https:\/\/www.schaeflein.de\/en\/bosch-group-once-again-honours-schaeflein-as-a-preferred-supplier.html#breadcrumb","itemListElement":[{"@type":"ListItem","position":1,"name":"Home","item":"https:\/\/www.schaeflein.de\/en"},{"@type":"ListItem","position":2,"name":"Bosch Group once again honours Sch\u00e4flein as a Preferred Supplier"}]},{"@type":"WebSite","@id":"https:\/\/www.schaeflein.de\/#website","url":"https:\/\/www.schaeflein.de\/","name":"Sch\u00e4flein","description":"","potentialAction":[{"@type":"SearchAction","target":{"@type":"EntryPoint","urlTemplate":"https:\/\/www.schaeflein.de\/?s={search_term_string}"},"query-input":{"@type":"PropertyValueSpecification","valueRequired":true,"valueName":"search_term_string"}}],"inLanguage":"en-US"},{"@type":"Person","@id":"https:\/\/www.schaeflein.de\/#\/schema\/person\/1f37b1e80ad86a3fcfd2b12d76be27f7","name":"schaeflein","image":{"@type":"ImageObject","inLanguage":"en-US","@id":"https:\/\/www.schaeflein.de\/#\/schema\/person\/image\/","url":"https:\/\/secure.gravatar.com\/avatar\/133b720f63126f53b3ed249e43296244e1bef9afbe6626912327386582051796?s=96&d=mm&r=g","contentUrl":"https:\/\/secure.gravatar.com\/avatar\/133b720f63126f53b3ed249e43296244e1bef9afbe6626912327386582051796?s=96&d=mm&r=g","caption":"schaeflein"}}]}},"_links":{"self":[{"href":"https:\/\/www.schaeflein.de\/en\/wp-json\/wp\/v2\/posts\/13267","targetHints":{"allow":["GET"]}}],"collection":[{"href":"https:\/\/www.schaeflein.de\/en\/wp-json\/wp\/v2\/posts"}],"about":[{"href":"https:\/\/www.schaeflein.de\/en\/wp-json\/wp\/v2\/types\/post"}],"author":[{"embeddable":true,"href":"https:\/\/www.schaeflein.de\/en\/wp-json\/wp\/v2\/users\/16"}],"replies":[{"embeddable":true,"href":"https:\/\/www.schaeflein.de\/en\/wp-json\/wp\/v2\/comments?post=13267"}],"version-history":[{"count":1,"href":"https:\/\/www.schaeflein.de\/en\/wp-json\/wp\/v2\/posts\/13267\/revisions"}],"predecessor-version":[{"id":13268,"href":"https:\/\/www.schaeflein.de\/en\/wp-json\/wp\/v2\/posts\/13267\/revisions\/13268"}],"wp:featuredmedia":[{"embeddable":true,"href":"https:\/\/www.schaeflein.de\/en\/wp-json\/wp\/v2\/media\/6419"}],"wp:attachment":[{"href":"https:\/\/www.schaeflein.de\/en\/wp-json\/wp\/v2\/media?parent=13267"}],"wp:term":[{"taxonomy":"category","embeddable":true,"href":"https:\/\/www.schaeflein.de\/en\/wp-json\/wp\/v2\/categories?post=13267"},{"taxonomy":"post_tag","embeddable":true,"href":"https:\/\/www.schaeflein.de\/en\/wp-json\/wp\/v2\/tags?post=13267"}],"curies":[{"name":"wp","href":"https:\/\/api.w.org\/{rel}","templated":true}]}}